{"@context":{"dc":"http:\/\/purl.org\/dc\/elements\/1.1\/","skos":"http:\/\/www.w3.org\/2004\/02\/skos\/core#","skos:broader":{"@type":"@id"},"skos:inScheme":{"@type":"@id"},"skos:related":{"@type":"@id"},"skos:narrower":{"@type":"@id"},"skos:hasTopConcept":{"@type":"@id"},"skos:topConceptOf":{"@type":"@id"}},"@id":"https:\/\/adm.senado.leg.br\/vcb\/vocab\/skos\/2292","@type":"skos:Concept","skos:prefLabel":{"@language":"pt-BR","@value=":"Proposta (licita\u00e7\u00f5es)"},"skos:inScheme":"https:\/\/adm.senado.leg.br\/vcb\/vocab\/","dct:created":"2020-09-18 17:43:03","dct:modified":"2022-05-11 23:03:46","skos:definition":[{"@lang":"ab","@value":"Momento onde o administrador apresenta o pre\u00e7o do seu produto ou servi\u00e7o, por meio de um documento elaborado por ele que cont\u00e9m o descritivo do objeto da licita\u00e7\u00e3o, comprovando que atende todas as caracter\u00edsticas m\u00ednimas exigidas em edital. Na proposta, o licitante apresenta tamb\u00e9m os cat\u00e1logos e anexos que entender necess\u00e1rios ao cumprimento do edital. (VCE-TCU) "}],"skos:narrower":["https:\/\/adm.senado.leg.br\/vcb\/vocab\/skos\/23049","https:\/\/adm.senado.leg.br\/vcb\/vocab\/skos\/23050"],"skos:broader":["https:\/\/adm.senado.leg.br\/vcb\/vocab\/skos\/1078"],"skos:altLabel":[{"language":"pt-BR","value":"Proposta (licita\u00e7\u00e3o)"}],"skos:related":["https:\/\/adm.senado.leg.br\/vcb\/vocab\/skos\/2289","https:\/\/adm.senado.leg.br\/vcb\/vocab\/skos\/7480","https:\/\/adm.senado.leg.br\/vcb\/vocab\/skos\/7731","https:\/\/adm.senado.leg.br\/vcb\/vocab\/skos\/926","https:\/\/adm.senado.leg.br\/vcb\/vocab\/skos\/4204","https:\/\/adm.senado.leg.br\/vcb\/vocab\/skos\/2290","https:\/\/adm.senado.leg.br\/vcb\/vocab\/skos\/19484","https:\/\/adm.senado.leg.br\/vcb\/vocab\/skos\/2017","https:\/\/adm.senado.leg.br\/vcb\/vocab\/skos\/8978","https:\/\/adm.senado.leg.br\/vcb\/vocab\/skos\/19715","https:\/\/adm.senado.leg.br\/vcb\/vocab\/skos\/6447","https:\/\/adm.senado.leg.br\/vcb\/vocab\/skos\/5099","https:\/\/adm.senado.leg.br\/vcb\/vocab\/skos\/19731","https:\/\/adm.senado.leg.br\/vcb\/vocab\/skos\/19741","https:\/\/adm.senado.leg.br\/vcb\/vocab\/skos\/9569","https:\/\/adm.senado.leg.br\/vcb\/vocab\/skos\/5073","https:\/\/adm.senado.leg.br\/vcb\/vocab\/skos\/7483","https:\/\/adm.senado.leg.br\/vcb\/vocab\/skos\/22399","https:\/\/adm.senado.leg.br\/vcb\/vocab\/skos\/13478","https:\/\/adm.senado.leg.br\/vcb\/vocab\/skos\/22625","https:\/\/adm.senado.leg.br\/vcb\/vocab\/skos\/22657","https:\/\/adm.senado.leg.br\/vcb\/vocab\/skos\/2293","https:\/\/adm.senado.leg.br\/vcb\/vocab\/skos\/1384"]}