{"@context":{"dc":"http:\/\/purl.org\/dc\/elements\/1.1\/","skos":"http:\/\/www.w3.org\/2004\/02\/skos\/core#","skos:broader":{"@type":"@id"},"skos:inScheme":{"@type":"@id"},"skos:related":{"@type":"@id"},"skos:narrower":{"@type":"@id"},"skos:hasTopConcept":{"@type":"@id"},"skos:topConceptOf":{"@type":"@id"}},"@id":"https:\/\/adm.senado.leg.br\/vcb\/vocab\/skos\/2308","@type":"skos:Concept","skos:prefLabel":{"@language":"pt-BR","@value=":"Analfabetismo funcional"},"skos:inScheme":"https:\/\/adm.senado.leg.br\/vcb\/vocab\/","dct:created":"2020-09-18 17:43:03","skos:definition":[{"@lang":"ab","@value":"Analfabetismo funcional\u00a0\u00e9 a incapacidade que uma pessoa demonstra ao n\u00e3o compreender\u00a0textos\u00a0simples. Tais pessoas, mesmo capacitadas a decodificar minimamente as\u00a0letras, geralmente\u00a0frases, textos curtos e os\u00a0n\u00fameros, n\u00e3o desenvolvem habilidade de\u00a0interpreta\u00e7\u00e3o\u00a0de textos e de fazer opera\u00e7\u00f5es matem\u00e1ticas. Tamb\u00e9m \u00e9 definido como\u00a0analfabeto funcional\u00a0o indiv\u00edduo maior de quinze anos possuidor de escolaridade inferior a quatro anos letivos.$$vWikipedia "}],"skos:broader":["https:\/\/adm.senado.leg.br\/vcb\/vocab\/skos\/1946"],"skos:related":["https:\/\/adm.senado.leg.br\/vcb\/vocab\/skos\/1951"]}