{"@context":{"dc":"http:\/\/purl.org\/dc\/elements\/1.1\/","skos":"http:\/\/www.w3.org\/2004\/02\/skos\/core#","skos:broader":{"@type":"@id"},"skos:inScheme":{"@type":"@id"},"skos:related":{"@type":"@id"},"skos:narrower":{"@type":"@id"},"skos:hasTopConcept":{"@type":"@id"},"skos:topConceptOf":{"@type":"@id"}},"@id":"https:\/\/adm.senado.leg.br\/vcb\/vocab\/skos\/23331","@type":"skos:Concept","skos:prefLabel":{"@language":"pt-BR","@value=":"Raz\u00e3o social"},"skos:inScheme":"https:\/\/adm.senado.leg.br\/vcb\/vocab\/","dct:created":"2020-09-18 17:48:00","skos:definition":[{"@lang":"ab","@value":"Nome devidamente registrado sob o qual uma pessoa jur\u00eddica se individualiza e exerce suas atividades. A raz\u00e3o social diferencia-se do nome dado a um estabelecimento ou do nome comercial com que a empresa pode ser reconhecida junto ao p\u00fablico$vFULGENCIO, Paulo Cesar. Gloss\u00e1rio: Vade Mecum. Rio de Janeiro: Mauad, 2007 "}],"skos:altLabel":[{"language":"pt-BR","value":"Denomina\u00e7\u00e3o social"},{"language":"pt-BR","value":"Firma empresarial"},{"language":"pt-BR","value":"Nome empresarial"}],"skos:related":["https:\/\/adm.senado.leg.br\/vcb\/vocab\/skos\/9047"]}