{"@context":{"dc":"http:\/\/purl.org\/dc\/elements\/1.1\/","skos":"http:\/\/www.w3.org\/2004\/02\/skos\/core#","skos:broader":{"@type":"@id"},"skos:inScheme":{"@type":"@id"},"skos:related":{"@type":"@id"},"skos:narrower":{"@type":"@id"},"skos:hasTopConcept":{"@type":"@id"},"skos:topConceptOf":{"@type":"@id"}},"@id":"https:\/\/adm.senado.leg.br\/vcb\/vocab\/skos\/23397","@type":"skos:Concept","skos:prefLabel":{"@language":"pt-BR","@value=":"Reclama\u00e7\u00e3o administrativa"},"skos:inScheme":"https:\/\/adm.senado.leg.br\/vcb\/vocab\/","dct:created":"2020-09-18 17:48:01","skos:definition":[{"@lang":"ab","@value":"Segundo Di Pietro, reclama\u00e7\u00e3o administrativa \u00e9 o ato pelo qual o administrado, seja particular ou servidor p\u00fablico, deduz uma pretens\u00e3o perante a Administra\u00e7\u00e3o p\u00fablica, visando obter o reconhecimento de um direito ou a corre\u00e7\u00e3o de um ato que lhe cause les\u00e3o ou amea\u00e7a de les\u00e3o. Conforme o Decreto n.\u00ba 20.910, de 1932, que prev\u00ea o instituto no art. 6\u00ba, o prazo para interposi\u00e7\u00e3o da RECLAMA\u00c7\u00c3O ADMINISTRATIVA \u00e9 de um ano: Art. 6\u00ba O direito a RECLAMA\u00c7\u00c3O ADMINISTRATIVA, que n\u00e3o tiver prazo fixado em disposi\u00e7\u00e3o de lei para ser formulada, prescreve em um ano a contar da data do ato ou fato do qual a mesma se originar.$vDI PIETRO, Maria Sylvia Zanella. DIREITO ADMINISTRATIVO. 16\u00aa ed. S\u00e3o Paulo: Atlas "}],"skos:broader":["https:\/\/adm.senado.leg.br\/vcb\/vocab\/skos\/1384"],"skos:related":["https:\/\/adm.senado.leg.br\/vcb\/vocab\/skos\/9281"]}