{"@context":{"dc":"http:\/\/purl.org\/dc\/elements\/1.1\/","skos":"http:\/\/www.w3.org\/2004\/02\/skos\/core#","skos:broader":{"@type":"@id"},"skos:inScheme":{"@type":"@id"},"skos:related":{"@type":"@id"},"skos:narrower":{"@type":"@id"},"skos:hasTopConcept":{"@type":"@id"},"skos:topConceptOf":{"@type":"@id"}},"@id":"https:\/\/adm.senado.leg.br\/vcb\/vocab\/skos\/2360","@type":"skos:Concept","skos:prefLabel":{"@language":"pt-BR","@value=":"Sistema de organiza\u00e7\u00e3o do conhecimento"},"skos:inScheme":"https:\/\/adm.senado.leg.br\/vcb\/vocab\/","dct:created":"2020-09-18 17:43:03","skos:definition":[{"@lang":"ab","@value":"Sistemas conceituais que representam determinado dom\u00ednio por meio da sistematiza\u00e7\u00e3o dos conceitos e das rela\u00e7\u00f5es que se estabelecem entre eles - BRASCHER e CAF\u00c9. "}],"skos:narrower":["https:\/\/adm.senado.leg.br\/vcb\/vocab\/skos\/15292","https:\/\/adm.senado.leg.br\/vcb\/vocab\/skos\/9240","https:\/\/adm.senado.leg.br\/vcb\/vocab\/skos\/2358","https:\/\/adm.senado.leg.br\/vcb\/vocab\/skos\/19035","https:\/\/adm.senado.leg.br\/vcb\/vocab\/skos\/3321","https:\/\/adm.senado.leg.br\/vcb\/vocab\/skos\/5379","https:\/\/adm.senado.leg.br\/vcb\/vocab\/skos\/25155","https:\/\/adm.senado.leg.br\/vcb\/vocab\/skos\/9242"],"skos:broader":["https:\/\/adm.senado.leg.br\/vcb\/vocab\/skos\/6432"],"skos:altLabel":[{"language":"pt-BR","value":"SOC"}]}