{"@context":{"dc":"http:\/\/purl.org\/dc\/elements\/1.1\/","skos":"http:\/\/www.w3.org\/2004\/02\/skos\/core#","skos:broader":{"@type":"@id"},"skos:inScheme":{"@type":"@id"},"skos:related":{"@type":"@id"},"skos:narrower":{"@type":"@id"},"skos:hasTopConcept":{"@type":"@id"},"skos:topConceptOf":{"@type":"@id"}},"@id":"https:\/\/adm.senado.leg.br\/vcb\/vocab\/skos\/23880","@type":"skos:Concept","skos:prefLabel":{"@language":"pt-BR","@value=":"Reserva mental"},"skos:inScheme":"https:\/\/adm.senado.leg.br\/vcb\/vocab\/","dct:created":"2020-09-18 17:48:16","skos:definition":[{"@lang":"ab-AB","@value":"A conceitua\u00e7\u00e3o de Nelson Nery J\u00fanior acerca de reserva mental \u00e9 a de ser a emiss\u00e3o de uma declara\u00e7\u00e3o em que n\u00e3o se quer o conte\u00fado, bem como o resultado e, diz o autor, tendo por \u00fanico objetivo enganar o declarat\u00e1rio.$uhttps:\/\/maristeladutra.jusbrasil.com.br\/artigos\/515178750\/reserva-mental-no-codigo-civil-de-2002-e-no-direito-alienigena "}],"skos:editorialNote":[{"@lang":"ab","@value":"342.1141 "}],"skos:broader":["https:\/\/adm.senado.leg.br\/vcb\/vocab\/skos\/27299"],"skos:altLabel":[{"language":"pt-BR","value":"Restri\u00e7\u00e3o mental"}],"skos:related":["https:\/\/adm.senado.leg.br\/vcb\/vocab\/skos\/20008"]}