{"@context":{"dc":"http:\/\/purl.org\/dc\/elements\/1.1\/","skos":"http:\/\/www.w3.org\/2004\/02\/skos\/core#","skos:broader":{"@type":"@id"},"skos:inScheme":{"@type":"@id"},"skos:related":{"@type":"@id"},"skos:narrower":{"@type":"@id"},"skos:hasTopConcept":{"@type":"@id"},"skos:topConceptOf":{"@type":"@id"}},"@id":"https:\/\/adm.senado.leg.br\/vcb\/vocab\/skos\/24071","@type":"skos:Concept","skos:prefLabel":{"@language":"pt-BR","@value=":"Turma (educa\u00e7\u00e3o)"},"skos:inScheme":"https:\/\/adm.senado.leg.br\/vcb\/vocab\/","dct:created":"2020-09-18 17:48:21","dct:modified":"2022-05-20 19:11:03","skos:definition":[{"@lang":"ab","@value":"Grupo de alunos reunidos em uma sala de aula, que podem receber mesmo conte\u00fado (turma comum a uma s\u00e9rie, ciclo ou disciplina) ou conte\u00fados distintos (turma multisseriada).$vDISTRITO FEDERAL. Secretaria de Estado da Educa\u00e7\u00e3o. Gloss\u00e1rio da Educa\u00e7\u00e3o. Bras\u00edlia: SEEDF, 2013. (De olho na Educa\u00e7\u00e3o) "}],"skos:narrower":["https:\/\/adm.senado.leg.br\/vcb\/vocab\/skos\/6602"],"skos:broader":["https:\/\/adm.senado.leg.br\/vcb\/vocab\/skos\/1090"],"skos:related":["https:\/\/adm.senado.leg.br\/vcb\/vocab\/skos\/2912"]}