{"@context":{"dc":"http:\/\/purl.org\/dc\/elements\/1.1\/","skos":"http:\/\/www.w3.org\/2004\/02\/skos\/core#","skos:broader":{"@type":"@id"},"skos:inScheme":{"@type":"@id"},"skos:related":{"@type":"@id"},"skos:narrower":{"@type":"@id"},"skos:hasTopConcept":{"@type":"@id"},"skos:topConceptOf":{"@type":"@id"}},"@id":"https:\/\/adm.senado.leg.br\/vcb\/vocab\/skos\/24083","@type":"skos:Concept","skos:prefLabel":{"@language":"pt-BR","@value=":"Sal\u00e1rio profissional"},"skos:inScheme":"https:\/\/adm.senado.leg.br\/vcb\/vocab\/","dct:created":"2020-09-18 17:48:21","skos:definition":[{"@lang":"pt-BR","@value":"\u00c9 o m\u00ednimo que pode ser pago aos integrantes de uma categoria\u00a0profissional, consoante o estabelecido por senten\u00e7a ou conven\u00e7\u00e3o coletiva. O mesmo que piso salarial, que para algumas categorias de\u00a0profissionais \u00e9 fixada por lei.$uJusbrasil "}],"skos:editorialNote":[{"@lang":"ab","@value":"342.65441 "}],"skos:broader":["https:\/\/adm.senado.leg.br\/vcb\/vocab\/skos\/1049"],"skos:altLabel":[{"language":"pt-BR","value":"Sal\u00e1rio m\u00ednimo profissional"}],"skos:related":["https:\/\/adm.senado.leg.br\/vcb\/vocab\/skos\/22024"]}