{"@context":{"dc":"http:\/\/purl.org\/dc\/elements\/1.1\/","skos":"http:\/\/www.w3.org\/2004\/02\/skos\/core#","skos:broader":{"@type":"@id"},"skos:inScheme":{"@type":"@id"},"skos:related":{"@type":"@id"},"skos:narrower":{"@type":"@id"},"skos:hasTopConcept":{"@type":"@id"},"skos:topConceptOf":{"@type":"@id"}},"@id":"https:\/\/adm.senado.leg.br\/vcb\/vocab\/skos\/24099","@type":"skos:Concept","skos:prefLabel":{"@language":"pt-BR","@value=":"San\u00e7\u00e3o (direito internacional p\u00fablico)"},"skos:inScheme":"https:\/\/adm.senado.leg.br\/vcb\/vocab\/","dct:created":"2020-09-18 17:48:22","skos:editorialNote":[{"@lang":"ab","@value":"341.1638 "}],"skos:broader":["https:\/\/adm.senado.leg.br\/vcb\/vocab\/skos\/2499","https:\/\/adm.senado.leg.br\/vcb\/vocab\/skos\/7486"],"skos:altLabel":[{"language":"pt-BR","value":"San\u00e7\u00f5es (direito internacional)"}],"skos:related":["https:\/\/adm.senado.leg.br\/vcb\/vocab\/skos\/5492"]}