{"@context":{"dc":"http:\/\/purl.org\/dc\/elements\/1.1\/","skos":"http:\/\/www.w3.org\/2004\/02\/skos\/core#","skos:broader":{"@type":"@id"},"skos:inScheme":{"@type":"@id"},"skos:related":{"@type":"@id"},"skos:narrower":{"@type":"@id"},"skos:hasTopConcept":{"@type":"@id"},"skos:topConceptOf":{"@type":"@id"}},"@id":"https:\/\/adm.senado.leg.br\/vcb\/vocab\/skos\/2437","@type":"skos:Concept","skos:prefLabel":{"@language":"pt-BR","@value=":"Rela\u00e7\u00e3o entre conceitos"},"skos:inScheme":"https:\/\/adm.senado.leg.br\/vcb\/vocab\/","dct:created":"2020-09-18 17:43:03","skos:narrower":["https:\/\/adm.senado.leg.br\/vcb\/vocab\/skos\/2657","https:\/\/adm.senado.leg.br\/vcb\/vocab\/skos\/2239","https:\/\/adm.senado.leg.br\/vcb\/vocab\/skos\/23532","https:\/\/adm.senado.leg.br\/vcb\/vocab\/skos\/23533","https:\/\/adm.senado.leg.br\/vcb\/vocab\/skos\/16111"],"skos:broader":["https:\/\/adm.senado.leg.br\/vcb\/vocab\/skos\/6432"],"skos:altLabel":[{"language":"pt-BR","value":"Rela\u00e7\u00f5es conceituais"},{"language":"pt-BR","value":"Rela\u00e7\u00f5es sem\u00e2nticas"}],"skos:related":["https:\/\/adm.senado.leg.br\/vcb\/vocab\/skos\/2421","https:\/\/adm.senado.leg.br\/vcb\/vocab\/skos\/6462","https:\/\/adm.senado.leg.br\/vcb\/vocab\/skos\/2414","https:\/\/adm.senado.leg.br\/vcb\/vocab\/skos\/19035","https:\/\/adm.senado.leg.br\/vcb\/vocab\/skos\/2438"]}