{"@context":{"dc":"http:\/\/purl.org\/dc\/elements\/1.1\/","skos":"http:\/\/www.w3.org\/2004\/02\/skos\/core#","skos:broader":{"@type":"@id"},"skos:inScheme":{"@type":"@id"},"skos:related":{"@type":"@id"},"skos:narrower":{"@type":"@id"},"skos:hasTopConcept":{"@type":"@id"},"skos:topConceptOf":{"@type":"@id"}},"@id":"https:\/\/adm.senado.leg.br\/vcb\/vocab\/skos\/245","@type":"skos:Concept","skos:prefLabel":{"@language":"pt-BR","@value=":"Demonstra\u00e7\u00e3o cont\u00e1bil"},"skos:inScheme":"https:\/\/adm.senado.leg.br\/vcb\/vocab\/","dct:created":"2020-09-18 17:42:57","skos:definition":[{"@lang":"ab","@value":"Relat\u00f3rio do balan\u00e7o, dos lucros e das perdas e da verifica\u00e7\u00e3o do fluxo de fundos.$vDINIZ, Maria Helena. Dicion\u00e1rio Jur\u00eddico. 3\u00aa ed. S\u00e3o Paulo, Editora Saraiva, 2008, p. 60 "}],"skos:narrower":["https:\/\/adm.senado.leg.br\/vcb\/vocab\/skos\/4720"],"skos:broader":["https:\/\/adm.senado.leg.br\/vcb\/vocab\/skos\/2286"],"skos:altLabel":[{"language":"pt-BR","value":"Demonstra\u00e7\u00e3o financeira"},{"language":"pt-BR","value":"Demonstra\u00e7\u00f5es cont\u00e1beis"},{"language":"pt-BR","value":"Demonstra\u00e7\u00f5es financeiras"},{"language":"pt-BR","value":"Demonstrativo cont\u00e1bil"},{"language":"pt-BR","value":"Demonstrativos cont\u00e1beis"}],"skos:related":["https:\/\/adm.senado.leg.br\/vcb\/vocab\/skos\/243","https:\/\/adm.senado.leg.br\/vcb\/vocab\/skos\/2402","https:\/\/adm.senado.leg.br\/vcb\/vocab\/skos\/3988","https:\/\/adm.senado.leg.br\/vcb\/vocab\/skos\/4731","https:\/\/adm.senado.leg.br\/vcb\/vocab\/skos\/9245","https:\/\/adm.senado.leg.br\/vcb\/vocab\/skos\/10543","https:\/\/adm.senado.leg.br\/vcb\/vocab\/skos\/10545","https:\/\/adm.senado.leg.br\/vcb\/vocab\/skos\/10660","https:\/\/adm.senado.leg.br\/vcb\/vocab\/skos\/10661","https:\/\/adm.senado.leg.br\/vcb\/vocab\/skos\/10662","https:\/\/adm.senado.leg.br\/vcb\/vocab\/skos\/10663","https:\/\/adm.senado.leg.br\/vcb\/vocab\/skos\/21289","https:\/\/adm.senado.leg.br\/vcb\/vocab\/skos\/10664","https:\/\/adm.senado.leg.br\/vcb\/vocab\/skos\/10665","https:\/\/adm.senado.leg.br\/vcb\/vocab\/skos\/4730","https:\/\/adm.senado.leg.br\/vcb\/vocab\/skos\/10666","https:\/\/adm.senado.leg.br\/vcb\/vocab\/skos\/10667","https:\/\/adm.senado.leg.br\/vcb\/vocab\/skos\/10668"]}