{"@context":{"dc":"http:\/\/purl.org\/dc\/elements\/1.1\/","skos":"http:\/\/www.w3.org\/2004\/02\/skos\/core#","skos:broader":{"@type":"@id"},"skos:inScheme":{"@type":"@id"},"skos:related":{"@type":"@id"},"skos:narrower":{"@type":"@id"},"skos:hasTopConcept":{"@type":"@id"},"skos:topConceptOf":{"@type":"@id"}},"@id":"https:\/\/adm.senado.leg.br\/vcb\/vocab\/skos\/24602","@type":"skos:Concept","skos:prefLabel":{"@language":"pt-BR","@value=":"Nega\u00e7\u00e3o de servi\u00e7o"},"skos:inScheme":"https:\/\/adm.senado.leg.br\/vcb\/vocab\/","dct:created":"2020-09-18 17:48:38","skos:definition":[{"@lang":"ab","@value":"Bloqueio de acesso devidamente autorizado a um recurso ou a gera\u00e7\u00e3o de atraso nas opera\u00e7\u00f5es e fun\u00e7\u00f5es normais de um sistema, com a resultante perda da disponibilidade aos usu\u00e1rios autorizados. O objetivo do ataque DoS \u00e9 interromper atividades leg\u00edtimas de um computador ou de um sistema. Uma forma de provocar o ataque \u00e9 aproveitando-se de falhas ou de vulnerabilidades presentes na m\u00e1quina v\u00edtima, ou enviar um grande n\u00famero de mensagens que esgotem algum dos recursos da v\u00edtima, como CPU, mem\u00f3ria, banda, etc. Para isto, \u00e9 necess\u00e1rio uma \u00fanica m\u00e1quina poderosa, com bom processamento e bastante banda dispon\u00edvel, capaz de gerar o n\u00famero de mensagens suficiente para causar a interrup\u00e7\u00e3o do servi\u00e7o. "}],"skos:broader":["https:\/\/adm.senado.leg.br\/vcb\/vocab\/skos\/26679","https:\/\/adm.senado.leg.br\/vcb\/vocab\/skos\/26867"],"skos:altLabel":[{"language":"pt-BR","value":"Ataque DOS"},{"language":"pt-BR","value":"Denial of Service"},{"language":"pt-BR","value":"DOS"}],"skos:related":["https:\/\/adm.senado.leg.br\/vcb\/vocab\/skos\/26753","https:\/\/adm.senado.leg.br\/vcb\/vocab\/skos\/18803","https:\/\/adm.senado.leg.br\/vcb\/vocab\/skos\/19108","https:\/\/adm.senado.leg.br\/vcb\/vocab\/skos\/24604","https:\/\/adm.senado.leg.br\/vcb\/vocab\/skos\/6947","https:\/\/adm.senado.leg.br\/vcb\/vocab\/skos\/9198","https:\/\/adm.senado.leg.br\/vcb\/vocab\/skos\/25164","https:\/\/adm.senado.leg.br\/vcb\/vocab\/skos\/24212"]}