{"@context":{"dc":"http:\/\/purl.org\/dc\/elements\/1.1\/","skos":"http:\/\/www.w3.org\/2004\/02\/skos\/core#","skos:broader":{"@type":"@id"},"skos:inScheme":{"@type":"@id"},"skos:related":{"@type":"@id"},"skos:narrower":{"@type":"@id"},"skos:hasTopConcept":{"@type":"@id"},"skos:topConceptOf":{"@type":"@id"}},"@id":"https:\/\/adm.senado.leg.br\/vcb\/vocab\/skos\/24798","@type":"skos:Concept","skos:prefLabel":{"@language":"pt-BR","@value=":"Solidariedade ativa"},"skos:inScheme":"https:\/\/adm.senado.leg.br\/vcb\/vocab\/","dct:created":"2020-09-18 17:48:44","skos:definition":[{"@lang":"ab","@value":"A solidariedade ativa se d\u00e1 quando, havendo v\u00e1rios credores, cada um tem direito de exigir do devedor comum o cumprimento da presta\u00e7\u00e3o por inteiro, na forma do artigo 267 do CC.$vDUQUE, Bruna Lyra. Teoria geral da obriga\u00e7\u00e3o solid\u00e1ria. "}],"skos:broader":["https:\/\/adm.senado.leg.br\/vcb\/vocab\/skos\/21187","https:\/\/adm.senado.leg.br\/vcb\/vocab\/skos\/9321"],"skos:related":["https:\/\/adm.senado.leg.br\/vcb\/vocab\/skos\/24799"]}