{"@context":{"dc":"http:\/\/purl.org\/dc\/elements\/1.1\/","skos":"http:\/\/www.w3.org\/2004\/02\/skos\/core#","skos:broader":{"@type":"@id"},"skos:inScheme":{"@type":"@id"},"skos:related":{"@type":"@id"},"skos:narrower":{"@type":"@id"},"skos:hasTopConcept":{"@type":"@id"},"skos:topConceptOf":{"@type":"@id"}},"@id":"https:\/\/adm.senado.leg.br\/vcb\/vocab\/skos\/248","@type":"skos:Concept","skos:prefLabel":{"@language":"pt-BR","@value=":"Absten\u00e7\u00e3o eleitoral"},"skos:inScheme":"https:\/\/adm.senado.leg.br\/vcb\/vocab\/","dct:created":"2020-09-18 17:42:57","skos:definition":[{"@lang":"ab","@value":"Termo usado para definir a n\u00e3o-participa\u00e7\u00e3o [do eleitor] no ato de votar.$uGloss\u00e1rio TSE "}],"skos:narrower":["https:\/\/adm.senado.leg.br\/vcb\/vocab\/skos\/251","https:\/\/adm.senado.leg.br\/vcb\/vocab\/skos\/26067"],"skos:broader":["https:\/\/adm.senado.leg.br\/vcb\/vocab\/skos\/3960"],"skos:related":["https:\/\/adm.senado.leg.br\/vcb\/vocab\/skos\/6983","https:\/\/adm.senado.leg.br\/vcb\/vocab\/skos\/2120","https:\/\/adm.senado.leg.br\/vcb\/vocab\/skos\/12798","https:\/\/adm.senado.leg.br\/vcb\/vocab\/skos\/2842","https:\/\/adm.senado.leg.br\/vcb\/vocab\/skos\/249","https:\/\/adm.senado.leg.br\/vcb\/vocab\/skos\/250","https:\/\/adm.senado.leg.br\/vcb\/vocab\/skos\/252","https:\/\/adm.senado.leg.br\/vcb\/vocab\/skos\/253"]}