{"@context":{"dc":"http:\/\/purl.org\/dc\/elements\/1.1\/","skos":"http:\/\/www.w3.org\/2004\/02\/skos\/core#","skos:broader":{"@type":"@id"},"skos:inScheme":{"@type":"@id"},"skos:related":{"@type":"@id"},"skos:narrower":{"@type":"@id"},"skos:hasTopConcept":{"@type":"@id"},"skos:topConceptOf":{"@type":"@id"}},"@id":"https:\/\/adm.senado.leg.br\/vcb\/vocab\/skos\/24801","@type":"skos:Concept","skos:prefLabel":{"@language":"pt-BR","@value=":"Zoneamento ambiental"},"skos:inScheme":"https:\/\/adm.senado.leg.br\/vcb\/vocab\/","dct:created":"2020-09-18 17:48:44","skos:definition":[{"@lang":"ab-AB","@value":"O\u00a0zoneamento\u00a0ambiental\u00a0ou\u00a0zoneamento\u00a0ecol\u00f3gico\u00a0econ\u00f4mico\u00a0(ZEE)\u00a0consiste em um\u00a0instrumento\u00a0de organiza\u00e7\u00e3o territorial, planejamento eficiente do uso do solo e efetiva gest\u00e3o ambiental que age por interm\u00e9dio da\u00a0delimita\u00e7\u00e3o\u00a0de\u00a0zonas e uma correspondente atribui\u00e7\u00e3o\u00a0de\u00a0usos e atividades compat\u00edveis de acordo com as caracter\u00edsticas espec\u00edficas do territ\u00f3rio, permitindo, restringindo, ou impossibilitando determinados usos e atividades.$uhttps:\/\/pt.wikipedia.org\/wiki\/Zoneamento_ambiental "}],"skos:broader":["https:\/\/adm.senado.leg.br\/vcb\/vocab\/skos\/1188"],"skos:altLabel":[{"language":"pt-BR","value":"ZEE"},{"language":"pt-BR","value":"Zoneamento ecol\u00f3gico econ\u00f4mico"}],"skos:related":["https:\/\/adm.senado.leg.br\/vcb\/vocab\/skos\/5319","https:\/\/adm.senado.leg.br\/vcb\/vocab\/skos\/1722","https:\/\/adm.senado.leg.br\/vcb\/vocab\/skos\/1189","https:\/\/adm.senado.leg.br\/vcb\/vocab\/skos\/1359","https:\/\/adm.senado.leg.br\/vcb\/vocab\/skos\/26132"]}