{"@context":{"dc":"http:\/\/purl.org\/dc\/elements\/1.1\/","skos":"http:\/\/www.w3.org\/2004\/02\/skos\/core#","skos:broader":{"@type":"@id"},"skos:inScheme":{"@type":"@id"},"skos:related":{"@type":"@id"},"skos:narrower":{"@type":"@id"},"skos:hasTopConcept":{"@type":"@id"},"skos:topConceptOf":{"@type":"@id"}},"@id":"https:\/\/adm.senado.leg.br\/vcb\/vocab\/skos\/2488","@type":"skos:Concept","skos:prefLabel":{"@language":"pt-BR","@value=":"Feto"},"skos:inScheme":"https:\/\/adm.senado.leg.br\/vcb\/vocab\/","dct:created":"2020-09-18 17:43:03","skos:scopeNote":[{"@lang":"pt-BR","@value":"Para feto humano, considerar aquele a partir da d\u00e9cima segunda semana de vida intra-uterina at\u00e9 o nascimento. "}],"skos:definition":[{"@lang":"pt-BR","@value":"Filhote por nascer de um mam\u00edfero viv\u00edparo no per\u00edodo p\u00f3s-embrion\u00e1rio, depois que as principais estruturas foram delineadas. Em humanos, [a idade gestacional] do filhote por nascer vai [\u00e9 definida como sendo] do final da oitava semana ap\u00f3s a concep\u00e7\u00e3o at\u00e9 o nascimento, diferente do embri\u00e3o de mam\u00edfero prematuro.$vDeCS "}],"skos:broader":["https:\/\/adm.senado.leg.br\/vcb\/vocab\/skos\/2462"],"skos:related":["https:\/\/adm.senado.leg.br\/vcb\/vocab\/skos\/29151","https:\/\/adm.senado.leg.br\/vcb\/vocab\/skos\/2486","https:\/\/adm.senado.leg.br\/vcb\/vocab\/skos\/2465","https:\/\/adm.senado.leg.br\/vcb\/vocab\/skos\/7344","https:\/\/adm.senado.leg.br\/vcb\/vocab\/skos\/2471","https:\/\/adm.senado.leg.br\/vcb\/vocab\/skos\/12875","https:\/\/adm.senado.leg.br\/vcb\/vocab\/skos\/199","https:\/\/adm.senado.leg.br\/vcb\/vocab\/skos\/20797","https:\/\/adm.senado.leg.br\/vcb\/vocab\/skos\/10162","https:\/\/adm.senado.leg.br\/vcb\/vocab\/skos\/12876"]}