{"@context":{"dc":"http:\/\/purl.org\/dc\/elements\/1.1\/","skos":"http:\/\/www.w3.org\/2004\/02\/skos\/core#","skos:broader":{"@type":"@id"},"skos:inScheme":{"@type":"@id"},"skos:related":{"@type":"@id"},"skos:narrower":{"@type":"@id"},"skos:hasTopConcept":{"@type":"@id"},"skos:topConceptOf":{"@type":"@id"}},"@id":"https:\/\/adm.senado.leg.br\/vcb\/vocab\/skos\/2524","@type":"skos:Concept","skos:prefLabel":{"@language":"pt-BR","@value=":"Direito animal"},"skos:inScheme":"https:\/\/adm.senado.leg.br\/vcb\/vocab\/","dct:created":"2020-09-18 17:43:04","skos:scopeNote":[{"@lang":"ab","@value":"Usar para obras que tratam do direito atribu\u00eddo aos animais. Para prote\u00e7\u00e3o e tratamento de animais, usar: Animal, prote\u00e7\u00e3o. "}],"skos:editorialNote":[{"@lang":"ab","@value":"341.3476 "}],"skos:broader":["https:\/\/adm.senado.leg.br\/vcb\/vocab\/skos\/11179"],"skos:altLabel":[{"language":"pt-BR","value":"Abolicionismo animal"},{"language":"pt-BR","value":"Defesa dos direitos dos animais"},{"language":"pt-BR","value":"Direito dos animais"},{"language":"pt-BR","value":"Direitos animais"},{"language":"pt-BR","value":"Direitos dos animais"},{"language":"pt-BR","value":"Liberta\u00e7\u00e3o dos animais"}],"skos:related":["https:\/\/adm.senado.leg.br\/vcb\/vocab\/skos\/94","https:\/\/adm.senado.leg.br\/vcb\/vocab\/skos\/10066","https:\/\/adm.senado.leg.br\/vcb\/vocab\/skos\/2522","https:\/\/adm.senado.leg.br\/vcb\/vocab\/skos\/26732","https:\/\/adm.senado.leg.br\/vcb\/vocab\/skos\/95","https:\/\/adm.senado.leg.br\/vcb\/vocab\/skos\/2210","https:\/\/adm.senado.leg.br\/vcb\/vocab\/skos\/185","https:\/\/adm.senado.leg.br\/vcb\/vocab\/skos\/2523","https:\/\/adm.senado.leg.br\/vcb\/vocab\/skos\/853","https:\/\/adm.senado.leg.br\/vcb\/vocab\/skos\/11370","https:\/\/adm.senado.leg.br\/vcb\/vocab\/skos\/11371","https:\/\/adm.senado.leg.br\/vcb\/vocab\/skos\/28632","https:\/\/adm.senado.leg.br\/vcb\/vocab\/skos\/28634"]}