{"@context":{"dc":"http:\/\/purl.org\/dc\/elements\/1.1\/","skos":"http:\/\/www.w3.org\/2004\/02\/skos\/core#","skos:broader":{"@type":"@id"},"skos:inScheme":{"@type":"@id"},"skos:related":{"@type":"@id"},"skos:narrower":{"@type":"@id"},"skos:hasTopConcept":{"@type":"@id"},"skos:topConceptOf":{"@type":"@id"}},"@id":"https:\/\/adm.senado.leg.br\/vcb\/vocab\/skos\/2553","@type":"skos:Concept","skos:prefLabel":{"@language":"pt-BR","@value=":"Gra\u00e7a (direito)"},"skos:inScheme":"https:\/\/adm.senado.leg.br\/vcb\/vocab\/","dct:created":"2020-09-18 17:43:04","skos:definition":[{"@lang":"ab","@value":"Perd\u00e3o concedido pelo presidente da Rep\u00fablica a r\u00e9u condenado, a pedido deste. Trata-se de benef\u00edcio de dif\u00edcil obten\u00e7\u00e3o. "}],"skos:editorialNote":[{"@lang":"ab","@value":"341.5462 "}],"skos:broader":["https:\/\/adm.senado.leg.br\/vcb\/vocab\/skos\/163"],"skos:related":["https:\/\/adm.senado.leg.br\/vcb\/vocab\/skos\/2550","https:\/\/adm.senado.leg.br\/vcb\/vocab\/skos\/2552","https:\/\/adm.senado.leg.br\/vcb\/vocab\/skos\/2554","https:\/\/adm.senado.leg.br\/vcb\/vocab\/skos\/2556"]}