{"@context":{"dc":"http:\/\/purl.org\/dc\/elements\/1.1\/","skos":"http:\/\/www.w3.org\/2004\/02\/skos\/core#","skos:broader":{"@type":"@id"},"skos:inScheme":{"@type":"@id"},"skos:related":{"@type":"@id"},"skos:narrower":{"@type":"@id"},"skos:hasTopConcept":{"@type":"@id"},"skos:topConceptOf":{"@type":"@id"}},"@id":"https:\/\/adm.senado.leg.br\/vcb\/vocab\/skos\/25535","@type":"skos:Concept","skos:prefLabel":{"@language":"pt-BR","@value=":"Transtorno bipolar"},"skos:inScheme":"https:\/\/adm.senado.leg.br\/vcb\/vocab\/","dct:created":"2020-09-18 17:49:06","skos:definition":[{"@lang":"ab","@value":"Transtorno afetivo importante caracterizado por graves oscila\u00e7\u00f5es do humor (epis\u00f3dios de mania ou de depress\u00e3o significativa) e por uma tend\u00eancia \u00e0 remiss\u00e3o e \u00e0 recorr\u00eancia. (Decs) "}],"skos:broader":["https:\/\/adm.senado.leg.br\/vcb\/vocab\/skos\/2042"],"skos:altLabel":[{"language":"pt-BR","value":"Bipolaridade"},{"language":"pt-BR","value":"Depress\u00e3o bipolar"},{"language":"pt-BR","value":"Psicose afetiva bipolar"},{"language":"pt-BR","value":"Psicose man\u00edaco-depressiva"},{"language":"pt-BR","value":"Transtorno man\u00edaco"}]}