{"@context":{"dc":"http:\/\/purl.org\/dc\/elements\/1.1\/","skos":"http:\/\/www.w3.org\/2004\/02\/skos\/core#","skos:broader":{"@type":"@id"},"skos:inScheme":{"@type":"@id"},"skos:related":{"@type":"@id"},"skos:narrower":{"@type":"@id"},"skos:hasTopConcept":{"@type":"@id"},"skos:topConceptOf":{"@type":"@id"}},"@id":"https:\/\/adm.senado.leg.br\/vcb\/vocab\/skos\/2563","@type":"skos:Concept","skos:prefLabel":{"@language":"pt-BR","@value=":"Isen\u00e7\u00e3o tribut\u00e1ria"},"skos:inScheme":"https:\/\/adm.senado.leg.br\/vcb\/vocab\/","dct:created":"2020-09-18 17:43:04","skos:definition":[{"@lang":"ab","@value":"Dispensa legal do pagamento do tributo devido.$vS\u00c3O PAULO. Secretaria da Fazenda. Gloss\u00e1rio. "}],"skos:editorialNote":[{"@lang":"ab","@value":"341.39453 "}],"skos:broader":["https:\/\/adm.senado.leg.br\/vcb\/vocab\/skos\/5910"],"skos:altLabel":[{"language":"pt-BR","value":"Impostos, isen\u00e7\u00e3o"},{"language":"pt-BR","value":"Isen\u00e7\u00e3o de impostos"},{"language":"pt-BR","value":"Isen\u00e7\u00e3o de IR"},{"language":"pt-BR","value":"Isen\u00e7\u00e3o fiscal"},{"language":"pt-BR","value":"Tributo, isen\u00e7\u00e3o"}],"skos:related":["https:\/\/adm.senado.leg.br\/vcb\/vocab\/skos\/2558","https:\/\/adm.senado.leg.br\/vcb\/vocab\/skos\/3803","https:\/\/adm.senado.leg.br\/vcb\/vocab\/skos\/11777","https:\/\/adm.senado.leg.br\/vcb\/vocab\/skos\/7482","https:\/\/adm.senado.leg.br\/vcb\/vocab\/skos\/14696","https:\/\/adm.senado.leg.br\/vcb\/vocab\/skos\/16505","https:\/\/adm.senado.leg.br\/vcb\/vocab\/skos\/19250","https:\/\/adm.senado.leg.br\/vcb\/vocab\/skos\/2116"]}