{"@context":{"dc":"http:\/\/purl.org\/dc\/elements\/1.1\/","skos":"http:\/\/www.w3.org\/2004\/02\/skos\/core#","skos:broader":{"@type":"@id"},"skos:inScheme":{"@type":"@id"},"skos:related":{"@type":"@id"},"skos:narrower":{"@type":"@id"},"skos:hasTopConcept":{"@type":"@id"},"skos:topConceptOf":{"@type":"@id"}},"@id":"https:\/\/adm.senado.leg.br\/vcb\/vocab\/skos\/25656","@type":"skos:Concept","skos:prefLabel":{"@language":"pt-BR","@value=":"Uso compartilhado de dados"},"skos:inScheme":"https:\/\/adm.senado.leg.br\/vcb\/vocab\/","dct:created":"2020-09-18 17:49:09","skos:definition":[{"@lang":"ab","@value":"Comunica\u00e7\u00e3o, difus\u00e3o, transfer\u00eancia internacional, interconex\u00e3o de dados pessoais ou tratamento compartilhado de bancos de dados pessoais por \u00f3rg\u00e3os e entidades p\u00fablicos no cumprimento de suas compet\u00eancias legais, ou entre esses e entes privados, reciprocamente, com autoriza\u00e7\u00e3o espec\u00edfica, para uma ou mais modalidades de tratamento permitidas por esses entes p\u00fablicos, ou entre entes privados. "}],"skos:narrower":["https:\/\/adm.senado.leg.br\/vcb\/vocab\/skos\/26873"],"skos:broader":["https:\/\/adm.senado.leg.br\/vcb\/vocab\/skos\/2808"],"skos:related":["https:\/\/adm.senado.leg.br\/vcb\/vocab\/skos\/26807","https:\/\/adm.senado.leg.br\/vcb\/vocab\/skos\/2345"]}