{"@context":{"dc":"http:\/\/purl.org\/dc\/elements\/1.1\/","skos":"http:\/\/www.w3.org\/2004\/02\/skos\/core#","skos:broader":{"@type":"@id"},"skos:inScheme":{"@type":"@id"},"skos:related":{"@type":"@id"},"skos:narrower":{"@type":"@id"},"skos:hasTopConcept":{"@type":"@id"},"skos:topConceptOf":{"@type":"@id"}},"@id":"https:\/\/adm.senado.leg.br\/vcb\/vocab\/skos\/25762","@type":"skos:Concept","skos:prefLabel":{"@language":"pt-BR","@value=":"Tutela administrativa"},"skos:inScheme":"https:\/\/adm.senado.leg.br\/vcb\/vocab\/","dct:created":"2020-09-18 17:49:12","skos:definition":[{"@lang":"pt-BR","@value":"Atividade exercida pelo Estado, por interm\u00e9dio dos \u00f3rg\u00e3os encartados em sua administra\u00e7\u00e3o direta, incidente sobre entidade da administra\u00e7\u00e3o indireta, disciplinada pela lei e sujeita a regime de direito p\u00fablico, com o objetivo de controlar e fiscalizar sua atua\u00e7\u00e3o no tocante \u00e0 consecu\u00e7\u00e3o das finalidades p\u00fablicas que justificaram sua cria\u00e7\u00e3o.https:\/\/www.conjur.com.br\/2019-mar-14\/interesse-publico-controle-entidades-descentralizadas-administracao-publica#:~:text=A%20chamada%20tutela%20administrativa%20%E2%80%94%20materializada,sujeita%20a%20regime%20de%20direito "}],"skos:related":["https:\/\/adm.senado.leg.br\/vcb\/vocab\/skos\/1192","https:\/\/adm.senado.leg.br\/vcb\/vocab\/skos\/1196"]}