{"@context":{"dc":"http:\/\/purl.org\/dc\/elements\/1.1\/","skos":"http:\/\/www.w3.org\/2004\/02\/skos\/core#","skos:broader":{"@type":"@id"},"skos:inScheme":{"@type":"@id"},"skos:related":{"@type":"@id"},"skos:narrower":{"@type":"@id"},"skos:hasTopConcept":{"@type":"@id"},"skos:topConceptOf":{"@type":"@id"}},"@id":"https:\/\/adm.senado.leg.br\/vcb\/vocab\/skos\/259","@type":"skos:Concept","skos:prefLabel":{"@language":"pt-BR","@value=":"Autoridade p\u00fablica"},"skos:inScheme":"https:\/\/adm.senado.leg.br\/vcb\/vocab\/","dct:created":"2020-09-18 17:42:57","skos:definition":[{"@lang":"ab","@value":"Pessoa que, em qualquer dos tr\u00eas Poderes do Estado, \u00e9 investida do exerc\u00edcio de atividade a qualquer deles inerente, quer executando quer editando atos, e quer se trate de agente p\u00fablico, quer de administrador ou representante de ente aut\u00e1rquico ou entidade paraestatal; e ainda, pessoa natural ou jur\u00eddica com fun\u00e7\u00e3o delegada do poder p\u00fablico na qualidade de concession\u00e1rio ou permission\u00e1rio de servi\u00e7os p\u00fablicos ou de utilidade p\u00fablica, quanto aos atos que venha a praticar.$vSIDOU, Jos\u00e9 Maria Othon. Dicion\u00e1rio jur\u00eddico "}],"skos:narrower":["https:\/\/adm.senado.leg.br\/vcb\/vocab\/skos\/256","https:\/\/adm.senado.leg.br\/vcb\/vocab\/skos\/1960","https:\/\/adm.senado.leg.br\/vcb\/vocab\/skos\/257","https:\/\/adm.senado.leg.br\/vcb\/vocab\/skos\/258"],"skos:broader":["https:\/\/adm.senado.leg.br\/vcb\/vocab\/skos\/13896"],"skos:related":["https:\/\/adm.senado.leg.br\/vcb\/vocab\/skos\/254","https:\/\/adm.senado.leg.br\/vcb\/vocab\/skos\/255","https:\/\/adm.senado.leg.br\/vcb\/vocab\/skos\/1627","https:\/\/adm.senado.leg.br\/vcb\/vocab\/skos\/4469","https:\/\/adm.senado.leg.br\/vcb\/vocab\/skos\/4470","https:\/\/adm.senado.leg.br\/vcb\/vocab\/skos\/231"]}