{"@context":{"dc":"http:\/\/purl.org\/dc\/elements\/1.1\/","skos":"http:\/\/www.w3.org\/2004\/02\/skos\/core#","skos:broader":{"@type":"@id"},"skos:inScheme":{"@type":"@id"},"skos:related":{"@type":"@id"},"skos:narrower":{"@type":"@id"},"skos:hasTopConcept":{"@type":"@id"},"skos:topConceptOf":{"@type":"@id"}},"@id":"https:\/\/adm.senado.leg.br\/vcb\/vocab\/skos\/2648","@type":"skos:Concept","skos:prefLabel":{"@language":"pt-BR","@value=":"Xenofobia"},"skos:inScheme":"https:\/\/adm.senado.leg.br\/vcb\/vocab\/","dct:created":"2020-09-18 17:43:04","skos:definition":[{"@lang":"ab","@value":"Desconfian\u00e7a, temor ou antipatia por pessoas estranhas ao meio daquele que as aju\u00edza, ou pelo que \u00e9 incomum ou vem de fora do pa\u00eds. (Houaiss) "}],"skos:broader":["https:\/\/adm.senado.leg.br\/vcb\/vocab\/skos\/1040","https:\/\/adm.senado.leg.br\/vcb\/vocab\/skos\/8418"],"skos:altLabel":[{"language":"pt-BR","value":"Xenofobismo"}],"skos:related":["https:\/\/adm.senado.leg.br\/vcb\/vocab\/skos\/2643","https:\/\/adm.senado.leg.br\/vcb\/vocab\/skos\/2765","https:\/\/adm.senado.leg.br\/vcb\/vocab\/skos\/8412","https:\/\/adm.senado.leg.br\/vcb\/vocab\/skos\/2766","https:\/\/adm.senado.leg.br\/vcb\/vocab\/skos\/332","https:\/\/adm.senado.leg.br\/vcb\/vocab\/skos\/11936","https:\/\/adm.senado.leg.br\/vcb\/vocab\/skos\/14000","https:\/\/adm.senado.leg.br\/vcb\/vocab\/skos\/9692","https:\/\/adm.senado.leg.br\/vcb\/vocab\/skos\/8416","https:\/\/adm.senado.leg.br\/vcb\/vocab\/skos\/2649","https:\/\/adm.senado.leg.br\/vcb\/vocab\/skos\/2768","https:\/\/adm.senado.leg.br\/vcb\/vocab\/skos\/2767"]}