{"@context":{"dc":"http:\/\/purl.org\/dc\/elements\/1.1\/","skos":"http:\/\/www.w3.org\/2004\/02\/skos\/core#","skos:broader":{"@type":"@id"},"skos:inScheme":{"@type":"@id"},"skos:related":{"@type":"@id"},"skos:narrower":{"@type":"@id"},"skos:hasTopConcept":{"@type":"@id"},"skos:topConceptOf":{"@type":"@id"}},"@id":"https:\/\/adm.senado.leg.br\/vcb\/vocab\/skos\/2649","@type":"skos:Concept","skos:prefLabel":{"@language":"pt-BR","@value=":"Racismo"},"skos:inScheme":"https:\/\/adm.senado.leg.br\/vcb\/vocab\/","dct:created":"2020-09-18 17:43:04","skos:scopeNote":[{"@lang":"ab","@value":"Usado para obras que tratam do racismo como posicionamento, bem como do comportamento abertamente descriminat\u00f3rio dirigidos aos grupos raciais ou \u00e9tnicos. "}],"skos:definition":[{"@lang":"ab","@value":"O racismo \u00e9 a cren\u00e7a de que os membros de cada ra\u00e7a possuem caracter\u00edsticas, habilidades ou qualidades espec\u00edficas dessa ra\u00e7a e, portanto, algumas ra\u00e7as s\u00e3o superiores \u00e0s outras. (...) Pode levar a discrimina\u00e7\u00e3o ou preconceito com base na ra\u00e7a, causando efeitos adversos como escravid\u00e3o, guerras e xenofobia.$uhttps:\/\/www.diferenca.com\/preconceito-racismo-e-discriminacao\/ "}],"skos:editorialNote":[{"@lang":"ab","@value":"341.55632 "}],"skos:narrower":["https:\/\/adm.senado.leg.br\/vcb\/vocab\/skos\/2768"],"skos:broader":["https:\/\/adm.senado.leg.br\/vcb\/vocab\/skos\/7199","https:\/\/adm.senado.leg.br\/vcb\/vocab\/skos\/9715","https:\/\/adm.senado.leg.br\/vcb\/vocab\/skos\/332","https:\/\/adm.senado.leg.br\/vcb\/vocab\/skos\/6998","https:\/\/adm.senado.leg.br\/vcb\/vocab\/skos\/11938"],"skos:altLabel":[{"language":"pt-BR","value":"Conflito de ra\u00e7as"},{"language":"pt-BR","value":"Conflito racial"},{"language":"pt-BR","value":"Problemas raciais"},{"language":"pt-BR","value":"Quest\u00e3o racial"}],"skos:related":["https:\/\/adm.senado.leg.br\/vcb\/vocab\/skos\/29540","https:\/\/adm.senado.leg.br\/vcb\/vocab\/skos\/2765","https:\/\/adm.senado.leg.br\/vcb\/vocab\/skos\/8412","https:\/\/adm.senado.leg.br\/vcb\/vocab\/skos\/27658","https:\/\/adm.senado.leg.br\/vcb\/vocab\/skos\/14000","https:\/\/adm.senado.leg.br\/vcb\/vocab\/skos\/11177","https:\/\/adm.senado.leg.br\/vcb\/vocab\/skos\/9789","https:\/\/adm.senado.leg.br\/vcb\/vocab\/skos\/5894","https:\/\/adm.senado.leg.br\/vcb\/vocab\/skos\/19024","https:\/\/adm.senado.leg.br\/vcb\/vocab\/skos\/150","https:\/\/adm.senado.leg.br\/vcb\/vocab\/skos\/28644","https:\/\/adm.senado.leg.br\/vcb\/vocab\/skos\/7178","https:\/\/adm.senado.leg.br\/vcb\/vocab\/skos\/2702","https:\/\/adm.senado.leg.br\/vcb\/vocab\/skos\/2648"]}