{"@context":{"dc":"http:\/\/purl.org\/dc\/elements\/1.1\/","skos":"http:\/\/www.w3.org\/2004\/02\/skos\/core#","skos:broader":{"@type":"@id"},"skos:inScheme":{"@type":"@id"},"skos:related":{"@type":"@id"},"skos:narrower":{"@type":"@id"},"skos:hasTopConcept":{"@type":"@id"},"skos:topConceptOf":{"@type":"@id"}},"@id":"https:\/\/adm.senado.leg.br\/vcb\/vocab\/skos\/2664","@type":"skos:Concept","skos:prefLabel":{"@language":"pt-BR","@value=":"Demografia"},"skos:inScheme":"https:\/\/adm.senado.leg.br\/vcb\/vocab\/","dct:created":"2020-09-18 17:43:04","skos:definition":[{"@lang":"ab","@value":"A demografia (do grego demos, povo, e graphein, escrita) \u00e9 uma \u00e1rea das ci\u00eancias sociais que estuda a din\u00e2mica populacional humana. O seu objeto de estudo engloba as dimens\u00f5es, estat\u00edsticas, estrutura e distribui\u00e7\u00e3o das diversas popula\u00e7\u00f5es humanas. Estas n\u00e3o s\u00e3o est\u00e1ticas, variando devido \u00e0 natalidade, mortalidade, migra\u00e7\u00f5es e envelhecimento. A an\u00e1lise demogr\u00e1fica centra-se tamb\u00e9m nas caracter\u00edsticas de toda uma sociedade ou um grupo espec\u00edfico, definido por crit\u00e9rios como a educa\u00e7\u00e3o, a nacionalidade, religi\u00e3o e grupo \u00e9tnico.$uhttps:\/\/pt.wikipedia.org\/wiki\/Demografia "}],"skos:narrower":["https:\/\/adm.senado.leg.br\/vcb\/vocab\/skos\/2658","https:\/\/adm.senado.leg.br\/vcb\/vocab\/skos\/6574","https:\/\/adm.senado.leg.br\/vcb\/vocab\/skos\/8320","https:\/\/adm.senado.leg.br\/vcb\/vocab\/skos\/9653","https:\/\/adm.senado.leg.br\/vcb\/vocab\/skos\/14954","https:\/\/adm.senado.leg.br\/vcb\/vocab\/skos\/6586","https:\/\/adm.senado.leg.br\/vcb\/vocab\/skos\/29071","https:\/\/adm.senado.leg.br\/vcb\/vocab\/skos\/20936","https:\/\/adm.senado.leg.br\/vcb\/vocab\/skos\/3912","https:\/\/adm.senado.leg.br\/vcb\/vocab\/skos\/3028"],"skos:broader":["https:\/\/adm.senado.leg.br\/vcb\/vocab\/skos\/1102"],"skos:altLabel":[{"language":"pt-BR","value":"An\u00e1lise demogr\u00e1fica"},{"language":"pt-BR","value":"Estudo da popula\u00e7\u00e3o"}],"skos:related":["https:\/\/adm.senado.leg.br\/vcb\/vocab\/skos\/5326","https:\/\/adm.senado.leg.br\/vcb\/vocab\/skos\/5329","https:\/\/adm.senado.leg.br\/vcb\/vocab\/skos\/9181","https:\/\/adm.senado.leg.br\/vcb\/vocab\/skos\/2662","https:\/\/adm.senado.leg.br\/vcb\/vocab\/skos\/5330","https:\/\/adm.senado.leg.br\/vcb\/vocab\/skos\/3899","https:\/\/adm.senado.leg.br\/vcb\/vocab\/skos\/8317","https:\/\/adm.senado.leg.br\/vcb\/vocab\/skos\/9261","https:\/\/adm.senado.leg.br\/vcb\/vocab\/skos\/5333","https:\/\/adm.senado.leg.br\/vcb\/vocab\/skos\/10648","https:\/\/adm.senado.leg.br\/vcb\/vocab\/skos\/6584"]}