{"@context":{"dc":"http:\/\/purl.org\/dc\/elements\/1.1\/","skos":"http:\/\/www.w3.org\/2004\/02\/skos\/core#","skos:broader":{"@type":"@id"},"skos:inScheme":{"@type":"@id"},"skos:related":{"@type":"@id"},"skos:narrower":{"@type":"@id"},"skos:hasTopConcept":{"@type":"@id"},"skos:topConceptOf":{"@type":"@id"}},"@id":"https:\/\/adm.senado.leg.br\/vcb\/vocab\/skos\/2670","@type":"skos:Concept","skos:prefLabel":{"@language":"pt-BR","@value=":"Ser humano"},"skos:inScheme":"https:\/\/adm.senado.leg.br\/vcb\/vocab\/","dct:created":"2020-09-18 17:43:04","skos:scopeNote":[{"@lang":"ab","@value":"Usado para obras que tratam do aspecto antropol\u00f3gico natural e sobre a humanidade num sentido coletivo. Obras gerais sobre os seres humanos como entes individuais entram em Pessoas. "}],"skos:definition":[{"@lang":"ab","@value":"Humano\u00a0(taxonomicamente\u00a0Homo sapiens), termo que deriva do\u00a0latim\u00a0\"homem s\u00e1bio\", ser humano, ser pessoa,\u00a0gente\u00a0ou\u00a0homem, \u00e9 a \u00fanica esp\u00e9cie animal\u00a0de\u00a0primata\u00a0b\u00edpede\u00a0do g\u00e9nero\u00a0Homo ainda viva.$uhttps:\/\/pt.wikipedia.org\/wiki\/Humano "}],"skos:narrower":["https:\/\/adm.senado.leg.br\/vcb\/vocab\/skos\/2463","https:\/\/adm.senado.leg.br\/vcb\/vocab\/skos\/2695","https:\/\/adm.senado.leg.br\/vcb\/vocab\/skos\/14977"],"skos:broader":["https:\/\/adm.senado.leg.br\/vcb\/vocab\/skos\/20010"],"skos:altLabel":[{"language":"pt-BR","value":"Homo sapiens"},{"language":"pt-BR","value":"Humanos"},{"language":"pt-BR","value":"Ra\u00e7a humana"},{"language":"pt-BR","value":"Seres humanos"}],"skos:related":["https:\/\/adm.senado.leg.br\/vcb\/vocab\/skos\/2663","https:\/\/adm.senado.leg.br\/vcb\/vocab\/skos\/16259","https:\/\/adm.senado.leg.br\/vcb\/vocab\/skos\/4327","https:\/\/adm.senado.leg.br\/vcb\/vocab\/skos\/2696"]}