{"@context":{"dc":"http:\/\/purl.org\/dc\/elements\/1.1\/","skos":"http:\/\/www.w3.org\/2004\/02\/skos\/core#","skos:broader":{"@type":"@id"},"skos:inScheme":{"@type":"@id"},"skos:related":{"@type":"@id"},"skos:narrower":{"@type":"@id"},"skos:hasTopConcept":{"@type":"@id"},"skos:topConceptOf":{"@type":"@id"}},"@id":"https:\/\/adm.senado.leg.br\/vcb\/vocab\/skos\/26807","@type":"skos:Concept","skos:prefLabel":{"@language":"pt-BR","@value=":"Dados pessoais"},"skos:inScheme":"https:\/\/adm.senado.leg.br\/vcb\/vocab\/","dct:created":"2020-09-18 17:49:42","dct:modified":"2021-10-06 13:48:11","skos:definition":[{"@lang":"ab","@value":"Informa\u00e7\u00e3o que diz respeito \u00e0 intimidade, vida privada, honra e imagem da pessoa, bem como \u00e0s liberdades e garantias individuais.$vBRASIL. Tribunal de Contas da Uni\u00e3o. Resolu\u00e7\u00e3o n. 254, de 10 de abril de 2013. "}],"skos:narrower":["https:\/\/adm.senado.leg.br\/vcb\/vocab\/skos\/26866"],"skos:broader":["https:\/\/adm.senado.leg.br\/vcb\/vocab\/skos\/686","https:\/\/adm.senado.leg.br\/vcb\/vocab\/skos\/2808"],"skos:altLabel":[{"language":"pt-BR","value":"Dado pessoal"}],"skos:related":["https:\/\/adm.senado.leg.br\/vcb\/vocab\/skos\/2574","https:\/\/adm.senado.leg.br\/vcb\/vocab\/skos\/26779","https:\/\/adm.senado.leg.br\/vcb\/vocab\/skos\/4750","https:\/\/adm.senado.leg.br\/vcb\/vocab\/skos\/7215","https:\/\/adm.senado.leg.br\/vcb\/vocab\/skos\/8065","https:\/\/adm.senado.leg.br\/vcb\/vocab\/skos\/1172","https:\/\/adm.senado.leg.br\/vcb\/vocab\/skos\/26847","https:\/\/adm.senado.leg.br\/vcb\/vocab\/skos\/26698","https:\/\/adm.senado.leg.br\/vcb\/vocab\/skos\/683","https:\/\/adm.senado.leg.br\/vcb\/vocab\/skos\/3549","https:\/\/adm.senado.leg.br\/vcb\/vocab\/skos\/9993","https:\/\/adm.senado.leg.br\/vcb\/vocab\/skos\/26856","https:\/\/adm.senado.leg.br\/vcb\/vocab\/skos\/396","https:\/\/adm.senado.leg.br\/vcb\/vocab\/skos\/7218","https:\/\/adm.senado.leg.br\/vcb\/vocab\/skos\/18812","https:\/\/adm.senado.leg.br\/vcb\/vocab\/skos\/7219","https:\/\/adm.senado.leg.br\/vcb\/vocab\/skos\/7220","https:\/\/adm.senado.leg.br\/vcb\/vocab\/skos\/7221","https:\/\/adm.senado.leg.br\/vcb\/vocab\/skos\/18825","https:\/\/adm.senado.leg.br\/vcb\/vocab\/skos\/26699","https:\/\/adm.senado.leg.br\/vcb\/vocab\/skos\/26857","https:\/\/adm.senado.leg.br\/vcb\/vocab\/skos\/2390","https:\/\/adm.senado.leg.br\/vcb\/vocab\/skos\/28002","https:\/\/adm.senado.leg.br\/vcb\/vocab\/skos\/26872","https:\/\/adm.senado.leg.br\/vcb\/vocab\/skos\/26873","https:\/\/adm.senado.leg.br\/vcb\/vocab\/skos\/25656"]}