{"@context":{"dc":"http:\/\/purl.org\/dc\/elements\/1.1\/","skos":"http:\/\/www.w3.org\/2004\/02\/skos\/core#","skos:broader":{"@type":"@id"},"skos:inScheme":{"@type":"@id"},"skos:related":{"@type":"@id"},"skos:narrower":{"@type":"@id"},"skos:hasTopConcept":{"@type":"@id"},"skos:topConceptOf":{"@type":"@id"}},"@id":"https:\/\/adm.senado.leg.br\/vcb\/vocab\/skos\/2704","@type":"skos:Concept","skos:prefLabel":{"@language":"pt-BR","@value=":"Teoria do direito"},"skos:inScheme":"https:\/\/adm.senado.leg.br\/vcb\/vocab\/","dct:created":"2020-09-18 17:43:04","skos:editorialNote":[{"@lang":"ab","@value":"340.4 "}],"skos:narrower":["https:\/\/adm.senado.leg.br\/vcb\/vocab\/skos\/11649","https:\/\/adm.senado.leg.br\/vcb\/vocab\/skos\/2703","https:\/\/adm.senado.leg.br\/vcb\/vocab\/skos\/4636","https:\/\/adm.senado.leg.br\/vcb\/vocab\/skos\/19972","https:\/\/adm.senado.leg.br\/vcb\/vocab\/skos\/2572","https:\/\/adm.senado.leg.br\/vcb\/vocab\/skos\/29763","https:\/\/adm.senado.leg.br\/vcb\/vocab\/skos\/3921","https:\/\/adm.senado.leg.br\/vcb\/vocab\/skos\/25042","https:\/\/adm.senado.leg.br\/vcb\/vocab\/skos\/11745"],"skos:broader":["https:\/\/adm.senado.leg.br\/vcb\/vocab\/skos\/1394"],"skos:altLabel":[{"language":"pt-BR","value":"Direito, teoria"},{"language":"pt-BR","value":"Introdu\u00e7\u00e3o \u00e0 ci\u00eancia do direito"},{"language":"pt-BR","value":"Introdu\u00e7\u00e3o \u00e0 ci\u00eancia jur\u00eddica"},{"language":"pt-BR","value":"Introdu\u00e7\u00e3o ao direito"}]}