{"@context":{"dc":"http:\/\/purl.org\/dc\/elements\/1.1\/","skos":"http:\/\/www.w3.org\/2004\/02\/skos\/core#","skos:broader":{"@type":"@id"},"skos:inScheme":{"@type":"@id"},"skos:related":{"@type":"@id"},"skos:narrower":{"@type":"@id"},"skos:hasTopConcept":{"@type":"@id"},"skos:topConceptOf":{"@type":"@id"}},"@id":"https:\/\/adm.senado.leg.br\/vcb\/vocab\/skos\/2715","@type":"skos:Concept","skos:prefLabel":{"@language":"pt-BR","@value=":"Cidade"},"skos:inScheme":"https:\/\/adm.senado.leg.br\/vcb\/vocab\/","dct:created":"2020-09-18 17:43:04","skos:definition":[{"@lang":"ab","@value":"Centro populacional permanente, altamente organizado, com fun\u00e7\u00f5es urbanas e pol\u00edticas pr\u00f3prias.$vDICION\u00c1RIO ambiental. "}],"skos:narrower":["https:\/\/adm.senado.leg.br\/vcb\/vocab\/skos\/6077","https:\/\/adm.senado.leg.br\/vcb\/vocab\/skos\/6917","https:\/\/adm.senado.leg.br\/vcb\/vocab\/skos\/26823","https:\/\/adm.senado.leg.br\/vcb\/vocab\/skos\/6389","https:\/\/adm.senado.leg.br\/vcb\/vocab\/skos\/6918","https:\/\/adm.senado.leg.br\/vcb\/vocab\/skos\/5286","https:\/\/adm.senado.leg.br\/vcb\/vocab\/skos\/6919","https:\/\/adm.senado.leg.br\/vcb\/vocab\/skos\/6920","https:\/\/adm.senado.leg.br\/vcb\/vocab\/skos\/6921"],"skos:broader":["https:\/\/adm.senado.leg.br\/vcb\/vocab\/skos\/3572","https:\/\/adm.senado.leg.br\/vcb\/vocab\/skos\/1294"],"skos:altLabel":[{"language":"pt-BR","value":"Aglomerado urbano"},{"language":"pt-BR","value":"Assentamento urbano"},{"language":"pt-BR","value":"Centro urbano"},{"language":"pt-BR","value":"Cidades, vilas e aldeias"}],"skos:related":["https:\/\/adm.senado.leg.br\/vcb\/vocab\/skos\/2677","https:\/\/adm.senado.leg.br\/vcb\/vocab\/skos\/3346","https:\/\/adm.senado.leg.br\/vcb\/vocab\/skos\/4688","https:\/\/adm.senado.leg.br\/vcb\/vocab\/skos\/8179","https:\/\/adm.senado.leg.br\/vcb\/vocab\/skos\/6905","https:\/\/adm.senado.leg.br\/vcb\/vocab\/skos\/6906","https:\/\/adm.senado.leg.br\/vcb\/vocab\/skos\/3247","https:\/\/adm.senado.leg.br\/vcb\/vocab\/skos\/6907","https:\/\/adm.senado.leg.br\/vcb\/vocab\/skos\/6908","https:\/\/adm.senado.leg.br\/vcb\/vocab\/skos\/6909","https:\/\/adm.senado.leg.br\/vcb\/vocab\/skos\/85","https:\/\/adm.senado.leg.br\/vcb\/vocab\/skos\/6910","https:\/\/adm.senado.leg.br\/vcb\/vocab\/skos\/6911","https:\/\/adm.senado.leg.br\/vcb\/vocab\/skos\/657","https:\/\/adm.senado.leg.br\/vcb\/vocab\/skos\/3026","https:\/\/adm.senado.leg.br\/vcb\/vocab\/skos\/6912","https:\/\/adm.senado.leg.br\/vcb\/vocab\/skos\/1265","https:\/\/adm.senado.leg.br\/vcb\/vocab\/skos\/6914","https:\/\/adm.senado.leg.br\/vcb\/vocab\/skos\/6915","https:\/\/adm.senado.leg.br\/vcb\/vocab\/skos\/6916","https:\/\/adm.senado.leg.br\/vcb\/vocab\/skos\/3028"]}