{"@context":{"dc":"http:\/\/purl.org\/dc\/elements\/1.1\/","skos":"http:\/\/www.w3.org\/2004\/02\/skos\/core#","skos:broader":{"@type":"@id"},"skos:inScheme":{"@type":"@id"},"skos:related":{"@type":"@id"},"skos:narrower":{"@type":"@id"},"skos:hasTopConcept":{"@type":"@id"},"skos:topConceptOf":{"@type":"@id"}},"@id":"https:\/\/adm.senado.leg.br\/vcb\/vocab\/skos\/27209","@type":"skos:Concept","skos:prefLabel":{"@language":"pt-BR","@value=":"S\u00edndrome respirat\u00f3ria aguda grave"},"skos:inScheme":"https:\/\/adm.senado.leg.br\/vcb\/vocab\/","dct:created":"2020-09-18 17:50:08","skos:definition":[{"@lang":"ab","@value":"Transtorno viral caracterizado por febre alta, tosse seca, falta de ar (dispneia) ou dificuldades para respirar e pneumonia at\u00edpica. Um v\u00edrus do g\u00eanero coronavirus \u00e9 o agente suspeito.$vDeCS "}],"skos:broader":["https:\/\/adm.senado.leg.br\/vcb\/vocab\/skos\/27193"],"skos:altLabel":[{"language":"pt-BR","value":"Pneumonia asi\u00e1tica"},{"language":"pt-BR","value":"SARS"},{"language":"pt-BR","value":"S\u00edndrome respirat\u00f3ria aguda severa"},{"language":"pt-BR","value":"S\u00edndrome respirat\u00f3ria grave aguda"},{"language":"pt-BR","value":"S\u00edndrome respirat\u00f3ria severa aguda"},{"language":"pt-BR","value":"SRAG"},{"language":"pt-BR","value":"SRAS"}]}