{"@context":{"dc":"http:\/\/purl.org\/dc\/elements\/1.1\/","skos":"http:\/\/www.w3.org\/2004\/02\/skos\/core#","skos:broader":{"@type":"@id"},"skos:inScheme":{"@type":"@id"},"skos:related":{"@type":"@id"},"skos:narrower":{"@type":"@id"},"skos:hasTopConcept":{"@type":"@id"},"skos:topConceptOf":{"@type":"@id"}},"@id":"https:\/\/adm.senado.leg.br\/vcb\/vocab\/skos\/2736","@type":"skos:Concept","skos:prefLabel":{"@language":"pt-BR","@value=":"Contraven\u00e7\u00e3o referente \u00e0 pessoa"},"skos:inScheme":"https:\/\/adm.senado.leg.br\/vcb\/vocab\/","dct:created":"2020-09-18 17:43:04","skos:narrower":["https:\/\/adm.senado.leg.br\/vcb\/vocab\/skos\/2735","https:\/\/adm.senado.leg.br\/vcb\/vocab\/skos\/7657","https:\/\/adm.senado.leg.br\/vcb\/vocab\/skos\/7658","https:\/\/adm.senado.leg.br\/vcb\/vocab\/skos\/9084","https:\/\/adm.senado.leg.br\/vcb\/vocab\/skos\/9085","https:\/\/adm.senado.leg.br\/vcb\/vocab\/skos\/9086","https:\/\/adm.senado.leg.br\/vcb\/vocab\/skos\/9087","https:\/\/adm.senado.leg.br\/vcb\/vocab\/skos\/9088","https:\/\/adm.senado.leg.br\/vcb\/vocab\/skos\/9089","https:\/\/adm.senado.leg.br\/vcb\/vocab\/skos\/9090"],"skos:broader":["https:\/\/adm.senado.leg.br\/vcb\/vocab\/skos\/8992"]}