{"@context":{"dc":"http:\/\/purl.org\/dc\/elements\/1.1\/","skos":"http:\/\/www.w3.org\/2004\/02\/skos\/core#","skos:broader":{"@type":"@id"},"skos:inScheme":{"@type":"@id"},"skos:related":{"@type":"@id"},"skos:narrower":{"@type":"@id"},"skos:hasTopConcept":{"@type":"@id"},"skos:topConceptOf":{"@type":"@id"}},"@id":"https:\/\/adm.senado.leg.br\/vcb\/vocab\/skos\/275","@type":"skos:Concept","skos:prefLabel":{"@language":"pt-BR","@value=":"Recurso manifestamente protelat\u00f3rio"},"skos:inScheme":"https:\/\/adm.senado.leg.br\/vcb\/vocab\/","dct:created":"2020-09-18 17:42:57","skos:definition":[{"@lang":"ab","@value":"Recurso protelat\u00f3rio \u00e9 aquele que n\u00e3o tem o objetivo de reformar a decis\u00e3o, mas sim apenas de protelar o tr\u00e2nsito em julgado ou a preclus\u00e3o de uma decis\u00e3o.$uhttp:\/\/www.rkladvocacia.com\/litigancia-de-ma-fe-no-novo-codigo-de-processo-civil\/ "}],"skos:editorialNote":[{"@lang":"ab","@value":"341.4356 "},{"@lang":"ab","@value":"341.4655 "}],"skos:broader":["https:\/\/adm.senado.leg.br\/vcb\/vocab\/skos\/6403","https:\/\/adm.senado.leg.br\/vcb\/vocab\/skos\/6405"],"skos:altLabel":[{"language":"pt-BR","value":"Recurso protelat\u00f3rio"}],"skos:related":["https:\/\/adm.senado.leg.br\/vcb\/vocab\/skos\/265","https:\/\/adm.senado.leg.br\/vcb\/vocab\/skos\/271","https:\/\/adm.senado.leg.br\/vcb\/vocab\/skos\/8868"]}