{"@context":{"dc":"http:\/\/purl.org\/dc\/elements\/1.1\/","skos":"http:\/\/www.w3.org\/2004\/02\/skos\/core#","skos:broader":{"@type":"@id"},"skos:inScheme":{"@type":"@id"},"skos:related":{"@type":"@id"},"skos:narrower":{"@type":"@id"},"skos:hasTopConcept":{"@type":"@id"},"skos:topConceptOf":{"@type":"@id"}},"@id":"https:\/\/adm.senado.leg.br\/vcb\/vocab\/skos\/2784","@type":"skos:Concept","skos:prefLabel":{"@language":"pt-BR","@value=":"San\u00e7\u00e3o penal"},"skos:inScheme":"https:\/\/adm.senado.leg.br\/vcb\/vocab\/","dct:created":"2020-09-18 17:43:04","skos:definition":[{"@lang":"ab","@value":"Parte da norma penal que completa a estatui\u00e7\u00e3o, estabelecendo a pena segundo o preceito (DICION\u00c1RIO, 4. ed., 1997) "}],"skos:editorialNote":[{"@lang":"pt-BR","@value":"341.545 "}],"skos:narrower":["https:\/\/adm.senado.leg.br\/vcb\/vocab\/skos\/5743","https:\/\/adm.senado.leg.br\/vcb\/vocab\/skos\/14672","https:\/\/adm.senado.leg.br\/vcb\/vocab\/skos\/11078","https:\/\/adm.senado.leg.br\/vcb\/vocab\/skos\/1351","https:\/\/adm.senado.leg.br\/vcb\/vocab\/skos\/11330","https:\/\/adm.senado.leg.br\/vcb\/vocab\/skos\/20881","https:\/\/adm.senado.leg.br\/vcb\/vocab\/skos\/8288"],"skos:broader":["https:\/\/adm.senado.leg.br\/vcb\/vocab\/skos\/2591","https:\/\/adm.senado.leg.br\/vcb\/vocab\/skos\/7486"],"skos:altLabel":[{"language":"pt-BR","value":"Condena\u00e7\u00e3o criminal"},{"language":"pt-BR","value":"Penalidade criminal"},{"language":"pt-BR","value":"San\u00e7\u00e3o (direito penal)"}],"skos:related":["https:\/\/adm.senado.leg.br\/vcb\/vocab\/skos\/234","https:\/\/adm.senado.leg.br\/vcb\/vocab\/skos\/2781","https:\/\/adm.senado.leg.br\/vcb\/vocab\/skos\/2782","https:\/\/adm.senado.leg.br\/vcb\/vocab\/skos\/2926","https:\/\/adm.senado.leg.br\/vcb\/vocab\/skos\/4535","https:\/\/adm.senado.leg.br\/vcb\/vocab\/skos\/28270","https:\/\/adm.senado.leg.br\/vcb\/vocab\/skos\/2932","https:\/\/adm.senado.leg.br\/vcb\/vocab\/skos\/10591","https:\/\/adm.senado.leg.br\/vcb\/vocab\/skos\/2785","https:\/\/adm.senado.leg.br\/vcb\/vocab\/skos\/2556","https:\/\/adm.senado.leg.br\/vcb\/vocab\/skos\/22464","https:\/\/adm.senado.leg.br\/vcb\/vocab\/skos\/22494","https:\/\/adm.senado.leg.br\/vcb\/vocab\/skos\/22575","https:\/\/adm.senado.leg.br\/vcb\/vocab\/skos\/24101","https:\/\/adm.senado.leg.br\/vcb\/vocab\/skos\/1387","https:\/\/adm.senado.leg.br\/vcb\/vocab\/skos\/22348","https:\/\/adm.senado.leg.br\/vcb\/vocab\/skos\/2778"]}