{"@context":{"dc":"http:\/\/purl.org\/dc\/elements\/1.1\/","skos":"http:\/\/www.w3.org\/2004\/02\/skos\/core#","skos:broader":{"@type":"@id"},"skos:inScheme":{"@type":"@id"},"skos:related":{"@type":"@id"},"skos:narrower":{"@type":"@id"},"skos:hasTopConcept":{"@type":"@id"},"skos:topConceptOf":{"@type":"@id"}},"@id":"https:\/\/adm.senado.leg.br\/vcb\/vocab\/skos\/2802","@type":"skos:Concept","skos:prefLabel":{"@language":"pt-BR","@value=":"Direito constitucional"},"skos:inScheme":"https:\/\/adm.senado.leg.br\/vcb\/vocab\/","dct:created":"2020-09-18 17:43:04","skos:definition":[{"@lang":"ab","@value":"Ramo do direito p\u00fablico que exp\u00f5e, interpreta e sistematiza os princ\u00edpios e normas fundamentais do Estado; \u00e9 a ci\u00eancia positiva das constitui\u00e7\u00f5es; tem por objeto a constitui\u00e7\u00e3o pol\u00edtica do Estado, cabendo a ele o estudo sistem\u00e1tico das normas que integram a constitui\u00e7\u00e3o.$vBRASIL. Secretaria do Estado de Planejamento, Desenvolvimento, Ci\u00eancia, Tecnologia e Inova\u00e7\u00e3o. Apostila com base na obra Curso de Direito Constitucional, do prof. Jos\u00e9 Afonso da Silva. "}],"skos:editorialNote":[{"@lang":"ab","@value":"341.2 "}],"skos:narrower":["https:\/\/adm.senado.leg.br\/vcb\/vocab\/skos\/2797","https:\/\/adm.senado.leg.br\/vcb\/vocab\/skos\/4423","https:\/\/adm.senado.leg.br\/vcb\/vocab\/skos\/501","https:\/\/adm.senado.leg.br\/vcb\/vocab\/skos\/503","https:\/\/adm.senado.leg.br\/vcb\/vocab\/skos\/6993","https:\/\/adm.senado.leg.br\/vcb\/vocab\/skos\/5914","https:\/\/adm.senado.leg.br\/vcb\/vocab\/skos\/502","https:\/\/adm.senado.leg.br\/vcb\/vocab\/skos\/11317","https:\/\/adm.senado.leg.br\/vcb\/vocab\/skos\/12753","https:\/\/adm.senado.leg.br\/vcb\/vocab\/skos\/13752","https:\/\/adm.senado.leg.br\/vcb\/vocab\/skos\/10444","https:\/\/adm.senado.leg.br\/vcb\/vocab\/skos\/26221","https:\/\/adm.senado.leg.br\/vcb\/vocab\/skos\/517","https:\/\/adm.senado.leg.br\/vcb\/vocab\/skos\/6999","https:\/\/adm.senado.leg.br\/vcb\/vocab\/skos\/19133","https:\/\/adm.senado.leg.br\/vcb\/vocab\/skos\/13734","https:\/\/adm.senado.leg.br\/vcb\/vocab\/skos\/11446","https:\/\/adm.senado.leg.br\/vcb\/vocab\/skos\/11447","https:\/\/adm.senado.leg.br\/vcb\/vocab\/skos\/11772","https:\/\/adm.senado.leg.br\/vcb\/vocab\/skos\/27502","https:\/\/adm.senado.leg.br\/vcb\/vocab\/skos\/27505","https:\/\/adm.senado.leg.br\/vcb\/vocab\/skos\/10511","https:\/\/adm.senado.leg.br\/vcb\/vocab\/skos\/7297","https:\/\/adm.senado.leg.br\/vcb\/vocab\/skos\/11775","https:\/\/adm.senado.leg.br\/vcb\/vocab\/skos\/9352"],"skos:broader":["https:\/\/adm.senado.leg.br\/vcb\/vocab\/skos\/11193"],"skos:related":["https:\/\/adm.senado.leg.br\/vcb\/vocab\/skos\/29421","https:\/\/adm.senado.leg.br\/vcb\/vocab\/skos\/8636","https:\/\/adm.senado.leg.br\/vcb\/vocab\/skos\/6996"]}