{"@context":{"dc":"http:\/\/purl.org\/dc\/elements\/1.1\/","skos":"http:\/\/www.w3.org\/2004\/02\/skos\/core#","skos:broader":{"@type":"@id"},"skos:inScheme":{"@type":"@id"},"skos:related":{"@type":"@id"},"skos:narrower":{"@type":"@id"},"skos:hasTopConcept":{"@type":"@id"},"skos:topConceptOf":{"@type":"@id"}},"@id":"https:\/\/adm.senado.leg.br\/vcb\/vocab\/skos\/28139","@type":"skos:Concept","skos:prefLabel":{"@language":"pt-BR","@value=":"Reuni\u00e3o de trabalho"},"skos:inScheme":"https:\/\/adm.senado.leg.br\/vcb\/vocab\/","dct:created":"2021-04-10 21:51:03","skos:definition":[{"@lang":"pt-BR","@value":"Uma reuni\u00e3o de trabalho \u00e9 parte integrante da rotina das empresas. Dos debates mais informais entre funcion\u00e1rios at\u00e9 uma reuni\u00e3o de altos executivos, esses momentos precisam ser bem organizados para ser mais produtivos, eficientes e menos custosos para o empreendimento. "}],"skos:narrower":["https:\/\/adm.senado.leg.br\/vcb\/vocab\/skos\/4235"],"skos:broader":["https:\/\/adm.senado.leg.br\/vcb\/vocab\/skos\/3595"],"skos:altLabel":[{"language":"pt-BR","value":"Reuni\u00e3o"},{"language":"pt-BR","value":"Reuni\u00e3o corporativa"},{"language":"pt-BR","value":"Reuni\u00e3o de neg\u00f3cios"}],"skos:related":["https:\/\/adm.senado.leg.br\/vcb\/vocab\/skos\/11908","https:\/\/adm.senado.leg.br\/vcb\/vocab\/skos\/591","https:\/\/adm.senado.leg.br\/vcb\/vocab\/skos\/14712","https:\/\/adm.senado.leg.br\/vcb\/vocab\/skos\/14714"]}