{"@context":{"dc":"http:\/\/purl.org\/dc\/elements\/1.1\/","skos":"http:\/\/www.w3.org\/2004\/02\/skos\/core#","skos:broader":{"@type":"@id"},"skos:inScheme":{"@type":"@id"},"skos:related":{"@type":"@id"},"skos:narrower":{"@type":"@id"},"skos:hasTopConcept":{"@type":"@id"},"skos:topConceptOf":{"@type":"@id"}},"@id":"https:\/\/adm.senado.leg.br\/vcb\/vocab\/skos\/28296","@type":"skos:Concept","skos:prefLabel":{"@language":"pt-BR","@value=":"Patrimonialismo"},"skos:inScheme":"https:\/\/adm.senado.leg.br\/vcb\/vocab\/","dct:created":"2021-04-24 13:39:08","skos:definition":[{"@lang":"pt-BR","@value":"O patrimonialismo \u00e9 um conceito desenvolvido por Max Weber que se refere \u00e0 caracter\u00edstica de um Estado sem distin\u00e7\u00f5es entre os limites do p\u00fablico e os limites do privado.$uhttps:\/\/pt.wikipedia.org\/wiki\/Patrimonialismo "}],"skos:broader":["https:\/\/adm.senado.leg.br\/vcb\/vocab\/skos\/1093"],"skos:related":["https:\/\/adm.senado.leg.br\/vcb\/vocab\/skos\/229","https:\/\/adm.senado.leg.br\/vcb\/vocab\/skos\/946","https:\/\/adm.senado.leg.br\/vcb\/vocab\/skos\/1397","https:\/\/adm.senado.leg.br\/vcb\/vocab\/skos\/1399"]}