{"@context":{"dc":"http:\/\/purl.org\/dc\/elements\/1.1\/","skos":"http:\/\/www.w3.org\/2004\/02\/skos\/core#","skos:broader":{"@type":"@id"},"skos:inScheme":{"@type":"@id"},"skos:related":{"@type":"@id"},"skos:narrower":{"@type":"@id"},"skos:hasTopConcept":{"@type":"@id"},"skos:topConceptOf":{"@type":"@id"}},"@id":"https:\/\/adm.senado.leg.br\/vcb\/vocab\/skos\/28396","@type":"skos:Concept","skos:prefLabel":{"@language":"pt-BR","@value=":"Extrema-direita"},"skos:inScheme":"https:\/\/adm.senado.leg.br\/vcb\/vocab\/","dct:created":"2021-07-19 11:52:44","skos:definition":[{"@lang":"pt-BR","@value":"A pol\u00edtica de extrema-direita, tamb\u00e9m referida como extrema-direita ou extremismo de direita, \u00e9 a pol\u00edtica mais \u00e0 direita do espectro pol\u00edtico de esquerda-direita do que a direita padr\u00e3o, particularmente em termos de ideologias e tend\u00eancias anticomunistas, autorit\u00e1rias, nacionalistas extremas e nativistas.$uhttps:\/\/www.google.com\/url?sa=t&amp;rct=j&amp;q=&amp;esrc=s&amp;source=web&amp;cd=&amp;cad=rja&amp;uact=8&amp;ved=2ahUKEwiWx5Otse_xAhXGr5UCHd4fCaQQmhMwIHoECCQQAg&amp;url=https%3A%2F%2Fpt.wikipedia.org%2Fwiki%2FExtrema-direita&amp;usg=AOvVaw2QpmxwCkftax9SQlMZ1OjW "}],"skos:broader":["https:\/\/adm.senado.leg.br\/vcb\/vocab\/skos\/2705"],"skos:altLabel":[{"language":"pt-BR","value":"Extrema direita"},{"language":"pt-BR","value":"Extremismo de direita"},{"language":"pt-BR","value":"Pol\u00edtica de extrema-direita"}],"skos:related":["https:\/\/adm.senado.leg.br\/vcb\/vocab\/skos\/8592","https:\/\/adm.senado.leg.br\/vcb\/vocab\/skos\/8131","https:\/\/adm.senado.leg.br\/vcb\/vocab\/skos\/28401","https:\/\/adm.senado.leg.br\/vcb\/vocab\/skos\/11176","https:\/\/adm.senado.leg.br\/vcb\/vocab\/skos\/11177","https:\/\/adm.senado.leg.br\/vcb\/vocab\/skos\/12429"]}