{"@context":{"dc":"http:\/\/purl.org\/dc\/elements\/1.1\/","skos":"http:\/\/www.w3.org\/2004\/02\/skos\/core#","skos:broader":{"@type":"@id"},"skos:inScheme":{"@type":"@id"},"skos:related":{"@type":"@id"},"skos:narrower":{"@type":"@id"},"skos:hasTopConcept":{"@type":"@id"},"skos:topConceptOf":{"@type":"@id"}},"@id":"https:\/\/adm.senado.leg.br\/vcb\/vocab\/skos\/2851","@type":"skos:Concept","skos:prefLabel":{"@language":"pt-BR","@value=":"Crime contra a paz p\u00fablica"},"skos:inScheme":"https:\/\/adm.senado.leg.br\/vcb\/vocab\/","dct:created":"2020-09-18 17:43:04","skos:definition":[{"@lang":"ab","@value":"Crime que atenta contra o sossego, a tranquilidade, a calma, a normalidade, a quietude da popula\u00e7\u00e3o. "}],"skos:editorialNote":[{"@lang":"ab","@value":"341.5514 "}],"skos:narrower":["https:\/\/adm.senado.leg.br\/vcb\/vocab\/skos\/2850","https:\/\/adm.senado.leg.br\/vcb\/vocab\/skos\/3768","https:\/\/adm.senado.leg.br\/vcb\/vocab\/skos\/8630","https:\/\/adm.senado.leg.br\/vcb\/vocab\/skos\/4470","https:\/\/adm.senado.leg.br\/vcb\/vocab\/skos\/9819","https:\/\/adm.senado.leg.br\/vcb\/vocab\/skos\/783","https:\/\/adm.senado.leg.br\/vcb\/vocab\/skos\/23147"],"skos:broader":["https:\/\/adm.senado.leg.br\/vcb\/vocab\/skos\/2932"],"skos:altLabel":[{"language":"pt-BR","value":"Infra\u00e7\u00e3o contra a ordem e a seguran\u00e7a p\u00fablica"},{"language":"pt-BR","value":"Infra\u00e7\u00e3o contra a seguran\u00e7a p\u00fablica"}],"skos:related":["https:\/\/adm.senado.leg.br\/vcb\/vocab\/skos\/9818"]}