{"@context":{"dc":"http:\/\/purl.org\/dc\/elements\/1.1\/","skos":"http:\/\/www.w3.org\/2004\/02\/skos\/core#","skos:broader":{"@type":"@id"},"skos:inScheme":{"@type":"@id"},"skos:related":{"@type":"@id"},"skos:narrower":{"@type":"@id"},"skos:hasTopConcept":{"@type":"@id"},"skos:topConceptOf":{"@type":"@id"}},"@id":"https:\/\/adm.senado.leg.br\/vcb\/vocab\/skos\/2854","@type":"skos:Concept","skos:prefLabel":{"@language":"pt-BR","@value=":"Cassa\u00e7\u00e3o de aposentadoria"},"skos:inScheme":"https:\/\/adm.senado.leg.br\/vcb\/vocab\/","dct:created":"2020-09-18 17:43:05","skos:definition":[{"@lang":"ab","@value":"Cassa\u00e7\u00e3o de aposentadoria ou disponibilidade \u00e9 a extin\u00e7\u00e3o da aposentadoria ou da disponibilidade, acarretando o retorno (revers\u00e3o) do servidor \u00e0 atividade, afim de que se possa aplicar a pena de demiss\u00e3o. "}],"skos:editorialNote":[{"@lang":"ab","@value":"341.3376 "}],"skos:broader":["https:\/\/adm.senado.leg.br\/vcb\/vocab\/skos\/4084","https:\/\/adm.senado.leg.br\/vcb\/vocab\/skos\/1387"],"skos:altLabel":[{"language":"pt-BR","value":"Cassa\u00e7\u00e3o da aposentadoria"},{"language":"pt-BR","value":"Extin\u00e7\u00e3o da aposentadoria"}],"skos:related":["https:\/\/adm.senado.leg.br\/vcb\/vocab\/skos\/1386","https:\/\/adm.senado.leg.br\/vcb\/vocab\/skos\/2852","https:\/\/adm.senado.leg.br\/vcb\/vocab\/skos\/1018","https:\/\/adm.senado.leg.br\/vcb\/vocab\/skos\/37","https:\/\/adm.senado.leg.br\/vcb\/vocab\/skos\/11339"]}