{"@context":{"dc":"http:\/\/purl.org\/dc\/elements\/1.1\/","skos":"http:\/\/www.w3.org\/2004\/02\/skos\/core#","skos:broader":{"@type":"@id"},"skos:inScheme":{"@type":"@id"},"skos:related":{"@type":"@id"},"skos:narrower":{"@type":"@id"},"skos:hasTopConcept":{"@type":"@id"},"skos:topConceptOf":{"@type":"@id"}},"@id":"https:\/\/adm.senado.leg.br\/vcb\/vocab\/skos\/28613","@type":"skos:Concept","skos:prefLabel":{"@language":"pt-BR","@value=":"G\u00edria"},"skos:inScheme":"https:\/\/adm.senado.leg.br\/vcb\/vocab\/","dct:created":"2021-08-21 19:59:29","skos:definition":[{"@lang":"pt-BR","@value":"G\u00edria\u00a0ou\u00a0cal\u00e3o \u00e9 um fen\u00f4meno lingu\u00edstico utilizado em um contexto informal, sendo muito utilizadas em conversas do dia a dia. S\u00e3o palavras que \"fogem\" da norma culta, as quais muitas tem origem na cultura de determinado povo ou regi\u00e3o. O intuito de tais estruturas \u00e9 substituir termos formais da l\u00edngua, ou seja, interpretar as palavras com um sentido figurado.$uhttps:\/\/pt.wikipedia.org\/wiki\/G%C3%ADria "}],"skos:broader":["https:\/\/adm.senado.leg.br\/vcb\/vocab\/skos\/16276"],"skos:altLabel":[{"language":"pt-BR","value":"Cal\u00e3o"}],"skos:related":["https:\/\/adm.senado.leg.br\/vcb\/vocab\/skos\/7990"]}