{"@context":{"dc":"http:\/\/purl.org\/dc\/elements\/1.1\/","skos":"http:\/\/www.w3.org\/2004\/02\/skos\/core#","skos:broader":{"@type":"@id"},"skos:inScheme":{"@type":"@id"},"skos:related":{"@type":"@id"},"skos:narrower":{"@type":"@id"},"skos:hasTopConcept":{"@type":"@id"},"skos:topConceptOf":{"@type":"@id"}},"@id":"https:\/\/adm.senado.leg.br\/vcb\/vocab\/skos\/2862","@type":"skos:Concept","skos:prefLabel":{"@language":"pt-BR","@value=":"Fundo de aposentadoria"},"skos:inScheme":"https:\/\/adm.senado.leg.br\/vcb\/vocab\/","dct:created":"2020-09-18 17:43:05","skos:definition":[{"@lang":"ab","@value":"Plano de previd\u00eancia privada, fiscalizado pela Superintend\u00eancia de Seguros Privados (Susep), \u00f3rg\u00e3o do Minist\u00e9rio da Fazenda, onde \u00e9 poss\u00edvel definir o valor e o momento de receber o benef\u00edcio. "}],"skos:editorialNote":[{"@lang":"ab","@value":"341.625 "}],"skos:broader":["https:\/\/adm.senado.leg.br\/vcb\/vocab\/skos\/798"],"skos:altLabel":[{"language":"pt-BR","value":"Fundo de previd\u00eancia"},{"language":"pt-BR","value":"Plano de aposentadoria"},{"language":"pt-BR","value":"Plano de previd\u00eancia aberta"},{"language":"pt-BR","value":"Plano de previd\u00eancia privada"}],"skos:related":["https:\/\/adm.senado.leg.br\/vcb\/vocab\/skos\/1018","https:\/\/adm.senado.leg.br\/vcb\/vocab\/skos\/2863","https:\/\/adm.senado.leg.br\/vcb\/vocab\/skos\/2865"]}