{"@context":{"dc":"http:\/\/purl.org\/dc\/elements\/1.1\/","skos":"http:\/\/www.w3.org\/2004\/02\/skos\/core#","skos:broader":{"@type":"@id"},"skos:inScheme":{"@type":"@id"},"skos:related":{"@type":"@id"},"skos:narrower":{"@type":"@id"},"skos:hasTopConcept":{"@type":"@id"},"skos:topConceptOf":{"@type":"@id"}},"@id":"https:\/\/adm.senado.leg.br\/vcb\/vocab\/skos\/28644","@type":"skos:Concept","skos:prefLabel":{"@language":"pt-BR","@value=":"Necropol\u00edtica"},"skos:inScheme":"https:\/\/adm.senado.leg.br\/vcb\/vocab\/","dct:created":"2021-09-06 11:40:50","skos:definition":[{"@lang":"pt-BR","@value":"Uso do poder pol\u00edtico e social, especialmente por parte do Estado, de forma a determinar, por meio de a\u00e7\u00f5es ou omiss\u00f5es (gerando condi\u00e7\u00f5es de risco para alguns grupos ou setores da sociedade, em contextos de desigualdade, em zonas de exclus\u00e3o e viol\u00eancia, em condi\u00e7\u00f5es de vida prec\u00e1rias, por exemplo), quem pode permanecer vivo ou deve morrer. [Termo cunhado pelo fil\u00f3sofo, te\u00f3rico pol\u00edtico e historiador camaron\u00eas Achille Mbembe, em 2003, em ensaio hom\u00f4nimo e, posteriormente, livro.]$uhttps:\/\/www.academia.org.br\/nossa-lingua\/nova-palavra\/necropolitica "}],"skos:broader":["https:\/\/adm.senado.leg.br\/vcb\/vocab\/skos\/6985"],"skos:related":["https:\/\/adm.senado.leg.br\/vcb\/vocab\/skos\/28645","https:\/\/adm.senado.leg.br\/vcb\/vocab\/skos\/7200","https:\/\/adm.senado.leg.br\/vcb\/vocab\/skos\/8563","https:\/\/adm.senado.leg.br\/vcb\/vocab\/skos\/2649"]}