{"@context":{"dc":"http:\/\/purl.org\/dc\/elements\/1.1\/","skos":"http:\/\/www.w3.org\/2004\/02\/skos\/core#","skos:broader":{"@type":"@id"},"skos:inScheme":{"@type":"@id"},"skos:related":{"@type":"@id"},"skos:narrower":{"@type":"@id"},"skos:hasTopConcept":{"@type":"@id"},"skos:topConceptOf":{"@type":"@id"}},"@id":"https:\/\/adm.senado.leg.br\/vcb\/vocab\/skos\/2866","@type":"skos:Concept","skos:prefLabel":{"@language":"pt-BR","@value=":"Previd\u00eancia complementar"},"skos:inScheme":"https:\/\/adm.senado.leg.br\/vcb\/vocab\/","dct:created":"2020-09-18 17:43:05","skos:definition":[{"@lang":"ab","@value":"A previd\u00eancia complementar \u00e9 um benef\u00edcio opcional, que proporciona ao trabalhador um seguro previdenci\u00e1rio adicional, conforme sua necessidade e vontade. \u00c9 uma aposentadoria contratada para garantir uma renda extra ao trabalhador ou a seu benefici\u00e1rio. Os valores dos benef\u00edcios s\u00e3o aplicados pela entidade gestora, com base em c\u00e1lculos atuariais. (BRASIL. Minist\u00e9rio da Previd\u00eancia Social. O que \u00e9 Previd\u00eancia Complementar?) "}],"skos:editorialNote":[{"@lang":"pt-BR","@value":"341.625 "}],"skos:narrower":["https:\/\/adm.senado.leg.br\/vcb\/vocab\/skos\/9556","https:\/\/adm.senado.leg.br\/vcb\/vocab\/skos\/2863","https:\/\/adm.senado.leg.br\/vcb\/vocab\/skos\/22446"],"skos:broader":["https:\/\/adm.senado.leg.br\/vcb\/vocab\/skos\/798"],"skos:altLabel":[{"language":"pt-BR","value":"Previd\u00eancia privada"},{"language":"pt-BR","value":"Previd\u00eancia suplementar"}],"skos:related":["https:\/\/adm.senado.leg.br\/vcb\/vocab\/skos\/1018","https:\/\/adm.senado.leg.br\/vcb\/vocab\/skos\/13338","https:\/\/adm.senado.leg.br\/vcb\/vocab\/skos\/4538","https:\/\/adm.senado.leg.br\/vcb\/vocab\/skos\/2115"]}