{"@context":{"dc":"http:\/\/purl.org\/dc\/elements\/1.1\/","skos":"http:\/\/www.w3.org\/2004\/02\/skos\/core#","skos:broader":{"@type":"@id"},"skos:inScheme":{"@type":"@id"},"skos:related":{"@type":"@id"},"skos:narrower":{"@type":"@id"},"skos:hasTopConcept":{"@type":"@id"},"skos:topConceptOf":{"@type":"@id"}},"@id":"https:\/\/adm.senado.leg.br\/vcb\/vocab\/skos\/28742","@type":"skos:Concept","skos:prefLabel":{"@language":"pt-BR","@value=":"Promo\u00e7\u00e3o da sa\u00fade"},"skos:inScheme":"https:\/\/adm.senado.leg.br\/vcb\/vocab\/","dct:created":"2021-10-17 11:43:41","skos:definition":[{"@lang":"pt-BR","@value":"Promo\u00e7\u00e3o da sa\u00fade \u00e9 o processo de capacita\u00e7\u00e3o do indiv\u00edduo em melhorar e controlar sua sa\u00fade. Para alcan\u00e7ar o estado de completo bem-estar f\u00edsico, mental e social, um indiv\u00edduo ou grupo deve ser capaz de identificar aspira\u00e7\u00f5es, satisfazer necessidades e mudar ou lidar com seu ambiente. Sa\u00fade \u00e9 vista, portanto, como um meio de vida e n\u00e3o um objetivo. Pol\u00edtica de promo\u00e7\u00e3o de sa\u00fade envolve abordagens diversas, mas complementares, levando em conta as diferen\u00e7as sociais, culturais e econ\u00f4micas de cada pa\u00eds. (Fonte: Ottawa Charter 1986)$vDeCS "}],"skos:narrower":["https:\/\/adm.senado.leg.br\/vcb\/vocab\/skos\/28750"],"skos:broader":["https:\/\/adm.senado.leg.br\/vcb\/vocab\/skos\/3852","https:\/\/adm.senado.leg.br\/vcb\/vocab\/skos\/7374"],"skos:altLabel":[{"language":"pt-BR","value":"Ambientes apoiadores de sa\u00fade"},{"language":"pt-BR","value":"Ambientes de apoio \u00e0 sa\u00fade"},{"language":"pt-BR","value":"Campanhas de sa\u00fade"},{"language":"pt-BR","value":"Programas de bem-estar"},{"language":"pt-BR","value":"Programas de promo\u00e7\u00e3o da sa\u00fade"},{"language":"pt-BR","value":"Promo\u00e7\u00e3o do bem estar"},{"language":"pt-BR","value":"Promo\u00e7\u00e3o em sa\u00fade"}],"skos:related":["https:\/\/adm.senado.leg.br\/vcb\/vocab\/skos\/3669","https:\/\/adm.senado.leg.br\/vcb\/vocab\/skos\/1784","https:\/\/adm.senado.leg.br\/vcb\/vocab\/skos\/28772","https:\/\/adm.senado.leg.br\/vcb\/vocab\/skos\/12638","https:\/\/adm.senado.leg.br\/vcb\/vocab\/skos\/21967","https:\/\/adm.senado.leg.br\/vcb\/vocab\/skos\/9186"]}