{"@context":{"dc":"http:\/\/purl.org\/dc\/elements\/1.1\/","skos":"http:\/\/www.w3.org\/2004\/02\/skos\/core#","skos:broader":{"@type":"@id"},"skos:inScheme":{"@type":"@id"},"skos:related":{"@type":"@id"},"skos:narrower":{"@type":"@id"},"skos:hasTopConcept":{"@type":"@id"},"skos:topConceptOf":{"@type":"@id"}},"@id":"https:\/\/adm.senado.leg.br\/vcb\/vocab\/skos\/28753","@type":"skos:Concept","skos:prefLabel":{"@language":"pt-BR","@value=":"Estat\u00edstica pol\u00edtica"},"skos:inScheme":"https:\/\/adm.senado.leg.br\/vcb\/vocab\/","dct:created":"2021-10-20 08:36:26","skos:broader":["https:\/\/adm.senado.leg.br\/vcb\/vocab\/skos\/2295"],"skos:altLabel":[{"language":"pt-BR","value":"Ci\u00eancia pol\u00edtica, m\u00e9todo estat\u00edstico"},{"language":"pt-BR","value":"Estat\u00edstica aplicada \u00e0 pol\u00edtica"}],"skos:related":["https:\/\/adm.senado.leg.br\/vcb\/vocab\/skos\/2705","https:\/\/adm.senado.leg.br\/vcb\/vocab\/skos\/6985"]}