{"@context":{"dc":"http:\/\/purl.org\/dc\/elements\/1.1\/","skos":"http:\/\/www.w3.org\/2004\/02\/skos\/core#","skos:broader":{"@type":"@id"},"skos:inScheme":{"@type":"@id"},"skos:related":{"@type":"@id"},"skos:narrower":{"@type":"@id"},"skos:hasTopConcept":{"@type":"@id"},"skos:topConceptOf":{"@type":"@id"}},"@id":"https:\/\/adm.senado.leg.br\/vcb\/vocab\/skos\/28779","@type":"skos:Concept","skos:prefLabel":{"@language":"pt-BR","@value=":"Princ\u00edpio federativo"},"skos:inScheme":"https:\/\/adm.senado.leg.br\/vcb\/vocab\/","dct:created":"2021-10-23 17:31:18","skos:definition":[{"@lang":"pt-BR","@value":"O pacto federativo, tamb\u00e9m chamado de Princ\u00edpio Federativo, \u00e9 o que define a forma de Estado adotada pelo Brasil. A federa\u00e7\u00e3o \u00e9 uma forma de Estado na qual h\u00e1 mais de uma esfera de poder dentro de um mesmo territ\u00f3rio e sobre uma mesma popula\u00e7\u00e3o. As entidades integrantes da Federa\u00e7\u00e3o Brasileira \u2013 Uni\u00e3o, Estados-membros, Distrito Federal e Munic\u00edpios, no Brasil \u2013 n\u00e3o possuem soberania. No entanto, estas entidades gozam de autonomia deferida diretamente pela Constitui\u00e7\u00e3o que, diferentemente da soberania, corresponde a um quadro interno de compet\u00eancias, rigidamente demarcadas. A Federa\u00e7\u00e3o \u00e9, portanto, resultado da descentraliza\u00e7\u00e3o pol\u00edtica, que se origina da uni\u00e3o indissol\u00favel de mais de uma organiza\u00e7\u00e3o pol\u00edtica, no mesmo espa\u00e7o territorial do Estado, compartilhando seu poder.$uhttps:\/\/www.institutoformula.com.br\/pacto-federativo-direito-constitucional\/ "}],"skos:editorialNote":[{"@lang":"pt-BR","@value":"341.224 "}],"skos:narrower":["https:\/\/adm.senado.leg.br\/vcb\/vocab\/skos\/12063"],"skos:broader":["https:\/\/adm.senado.leg.br\/vcb\/vocab\/skos\/8638"],"skos:altLabel":[{"language":"pt-BR","value":"Pacto federativo"}],"skos:related":["https:\/\/adm.senado.leg.br\/vcb\/vocab\/skos\/7294","https:\/\/adm.senado.leg.br\/vcb\/vocab\/skos\/8644","https:\/\/adm.senado.leg.br\/vcb\/vocab\/skos\/6994","https:\/\/adm.senado.leg.br\/vcb\/vocab\/skos\/14958","https:\/\/adm.senado.leg.br\/vcb\/vocab\/skos\/4431"]}