{"@context":{"dc":"http:\/\/purl.org\/dc\/elements\/1.1\/","skos":"http:\/\/www.w3.org\/2004\/02\/skos\/core#","skos:broader":{"@type":"@id"},"skos:inScheme":{"@type":"@id"},"skos:related":{"@type":"@id"},"skos:narrower":{"@type":"@id"},"skos:hasTopConcept":{"@type":"@id"},"skos:topConceptOf":{"@type":"@id"}},"@id":"https:\/\/adm.senado.leg.br\/vcb\/vocab\/skos\/2879","@type":"skos:Concept","skos:prefLabel":{"@language":"pt-BR","@value=":"Fator previdenci\u00e1rio"},"skos:inScheme":"https:\/\/adm.senado.leg.br\/vcb\/vocab\/","dct:created":"2020-09-18 17:43:05","skos:definition":[{"@lang":"ab","@value":"Fator multiplicativo aplicado ao valor dos benef\u00edcios previdenci\u00e1rios que leva em conta o tempo de contribui\u00e7\u00e3o, a idade do segurado e a expectativa de sobrevida. Criado em 1999, teve por finalidade desestimular aposentadorias precoces durante a vig\u00eancia do Plano Real, e que, segundo o Programa de Implementa\u00e7\u00e3o do Plano Real, deveria ser extinto no governo posterior a 2002, \u00e0 medida que estabilizasse a infla\u00e7\u00e3o e se valorizasse o Real. "}],"skos:editorialNote":[{"@lang":"ab","@value":"341.623525 "}],"skos:related":["https:\/\/adm.senado.leg.br\/vcb\/vocab\/skos\/2870","https:\/\/adm.senado.leg.br\/vcb\/vocab\/skos\/2872","https:\/\/adm.senado.leg.br\/vcb\/vocab\/skos\/176","https:\/\/adm.senado.leg.br\/vcb\/vocab\/skos\/2875","https:\/\/adm.senado.leg.br\/vcb\/vocab\/skos\/2877"]}