{"@context":{"dc":"http:\/\/purl.org\/dc\/elements\/1.1\/","skos":"http:\/\/www.w3.org\/2004\/02\/skos\/core#","skos:broader":{"@type":"@id"},"skos:inScheme":{"@type":"@id"},"skos:related":{"@type":"@id"},"skos:narrower":{"@type":"@id"},"skos:hasTopConcept":{"@type":"@id"},"skos:topConceptOf":{"@type":"@id"}},"@id":"https:\/\/adm.senado.leg.br\/vcb\/vocab\/skos\/29014","@type":"skos:Concept","skos:prefLabel":{"@language":"pt-BR","@value=":"Navio negreiro"},"skos:inScheme":"https:\/\/adm.senado.leg.br\/vcb\/vocab\/","dct:created":"2022-04-24 12:58:08","skos:definition":[{"@lang":"pt-BR","@value":"Navio que transportava os negros da \u00c1frica para o Brasil.$vVocabul\u00e1rio controlado sobre escravid\u00e3o, aboli\u00e7\u00e3o e p\u00f3s-aboli\u00e7\u00e3o "}],"skos:broader":["https:\/\/adm.senado.leg.br\/vcb\/vocab\/skos\/11482"],"skos:altLabel":[{"language":"pt-BR","value":"Navios negreiros"}],"skos:related":["https:\/\/adm.senado.leg.br\/vcb\/vocab\/skos\/149","https:\/\/adm.senado.leg.br\/vcb\/vocab\/skos\/7178","https:\/\/adm.senado.leg.br\/vcb\/vocab\/skos\/28809","https:\/\/adm.senado.leg.br\/vcb\/vocab\/skos\/151"]}