{"@context":{"dc":"http:\/\/purl.org\/dc\/elements\/1.1\/","skos":"http:\/\/www.w3.org\/2004\/02\/skos\/core#","skos:broader":{"@type":"@id"},"skos:inScheme":{"@type":"@id"},"skos:related":{"@type":"@id"},"skos:narrower":{"@type":"@id"},"skos:hasTopConcept":{"@type":"@id"},"skos:topConceptOf":{"@type":"@id"}},"@id":"https:\/\/adm.senado.leg.br\/vcb\/vocab\/skos\/29159","@type":"skos:Concept","skos:prefLabel":{"@language":"pt-BR","@value=":"Aborto social"},"skos:inScheme":"https:\/\/adm.senado.leg.br\/vcb\/vocab\/","dct:created":"2022-08-15 19:44:36","skos:definition":[{"@lang":"pt-BR","@value":"\u00c9 o aborto feito por falta de recursos financeiros, em outras palavras, ocorre quando a m\u00e3e n\u00e3o possui condi\u00e7\u00f5es econ\u00f4micas para sustentar o filho.$uhttps:\/\/lfg.jusbrasil.com.br\/noticias\/2087146\/quais-sao-as-especies-de-aborto-e-quais-sao-permitidas-no-ordenamento-juridico-brasileiro-denis-manoel-da-silva "}],"skos:broader":["https:\/\/adm.senado.leg.br\/vcb\/vocab\/skos\/184"],"skos:related":["https:\/\/adm.senado.leg.br\/vcb\/vocab\/skos\/204"]}